{"id":8848,"date":"2024-07-27T16:08:58","date_gmt":"2024-07-27T19:08:58","guid":{"rendered":"https:\/\/enlamira.info\/?p=8848"},"modified":"2024-07-27T16:18:36","modified_gmt":"2024-07-27T19:18:36","slug":"el-procurador-casal-rechazo-crear-la-fiscalia-de-inteligencia-propuesta-por-milei","status":"publish","type":"post","link":"https:\/\/enlamira.info\/index.php\/2024\/07\/27\/el-procurador-casal-rechazo-crear-la-fiscalia-de-inteligencia-propuesta-por-milei\/","title":{"rendered":"El procurador Casal rechaz\u00f3 crear la fiscal\u00eda de Inteligencia propuesta por Milei"},"content":{"rendered":"\n<p>El titular del m\u00e1ximo organismo del Ministerio P\u00fablico argument\u00f3 que su creaci\u00f3n afectar\u00eda la autonom\u00eda y especializaci\u00f3n del Ministerio P\u00fablico Fiscal. Su negativa implica un nuevo obst\u00e1culo para las reformas del sistema de inteligencia impulsadas por el oficialismo.<\/p>\n\n\n\n<p>La reforma del\u00a0sistema de\u00a0inteligencia\u00a0nacional, impulsada por el gobierno de\u00a0Javier Milei\u00a0encontr\u00f3 resistencia no solo en la oposici\u00f3n pol\u00edtica y en los sectores judiciales, sino tambi\u00e9n dentro de la propia Procuraci\u00f3n General de la Naci\u00f3n.<\/p>\n\n\n\n<p>El procurador general,\u00a0Eduardo\u00a0Casal, rechaz\u00f3 la propuesta de crear una fiscal\u00eda especializada en inteligencia, alegando que dicha medida podr\u00eda comprometer la autonom\u00eda y el funcionamiento especializado del Ministerio P\u00fablico Fiscal.<\/p>\n\n\n\n<p>La decisi\u00f3n de\u00a0Casal\u00a0representa un freno significativo a las reformas de inteligencia del gobierno de Milei, personificadas en el ministro\u00a0Santiago Caputo. Tambi\u00e9n pretende evitar que el poder y la autonom\u00eda de la procuraci\u00f3n se vean erosionados por la intervenci\u00f3n directa del gobierno en las relaciones entre fiscales y agentes de inteligencia.<\/p>\n\n\n\n<h3 class=\"wp-block-heading\">Contexto de la reforma<\/h3>\n\n\n\n<p>El gobierno de\u00a0Milei, a trav\u00e9s del Decreto de Necesidad y Urgencia (DNU) 14, propuso la creaci\u00f3n de una fiscal\u00eda que concentrara los contactos judiciales con la reci\u00e9n reformada Secretar\u00eda de Inteligencia del Estado (SIDE). Esta fiscal\u00eda tendr\u00eda el objetivo de canalizar la informaci\u00f3n obtenida por la SIDE hacia las investigaciones criminales pertinentes.<\/p>\n\n\n\n<p>En su resoluci\u00f3n 40\/24,\u00a0Casal\u00a0argument\u00f3 que la procuraci\u00f3n debe mantener su autonom\u00eda funcional y que aceptar la creaci\u00f3n de una fiscal\u00eda de inteligencia implicar\u00eda un cambio fundamental en la estructura y el enfoque del Ministerio P\u00fablico Fiscal.<\/p>\n\n\n\n<p>As\u00ed, subray\u00f3 que la Procuraci\u00f3n General est\u00e1 compuesta por diversas fiscal\u00edas y unidades especializadas que abordan temas espec\u00edficos como el lavado de dinero, la trata de personas y los cr\u00edmenes de lesa humanidad. Crear una fiscal\u00eda basada en una herramienta de investigaci\u00f3n, como la inteligencia, en lugar de en un tipo espec\u00edfico de delito, ser\u00eda contraproducente y romper\u00eda con el criterio de especializaci\u00f3n vigente.<\/p>\n\n\n\n<p>Un alto funcionario de la procuraci\u00f3n, en declaraciones recientes a Clar\u00edn, advirti\u00f3 que la creaci\u00f3n de una fiscal\u00eda de inteligencia podr\u00eda abrir una \u201ccaja de Pandora\u201d impredecible, exacerbando las ya cuestionadas relaciones entre los tribunales, las fiscal\u00edas y los servicios de inteligencia. El funcionario destac\u00f3 que establecer un \u201cgerente\u201d oficial para manejar estas interacciones podr\u00eda ser un desprop\u00f3sito.<\/p>\n\n\n\n<p>Para mitigar las preocupaciones del gobierno sin comprometer la estructura del Ministerio P\u00fablico Fiscal, Casal propuso que la Secretar\u00eda de Coordinaci\u00f3n Institucional de la procuraci\u00f3n, liderada por Juan Manuel Olima Espel, act\u00fae como el \u00f3rgano especializado para cooperar con la SIDE.<\/p>\n","protected":false},"excerpt":{"rendered":"<p>El titular del m\u00e1ximo organismo del Ministerio P\u00fablico argument\u00f3 que su creaci\u00f3n afectar\u00eda la autonom\u00eda y especializaci\u00f3n del Ministerio P\u00fablico Fiscal. Su negativa implica un nuevo obst\u00e1culo para las reformas del sistema de inteligencia impulsadas por el oficialismo. La reforma del\u00a0sistema de\u00a0inteligencia\u00a0nacional, impulsada por el gobierno de\u00a0Javier Milei\u00a0encontr\u00f3 resistencia no solo en la oposici\u00f3n pol\u00edtica [&hellip;]<\/p>\n","protected":false},"author":2,"featured_media":8850,"comment_status":"open","ping_status":"open","sticky":false,"template":"","format":"standard","meta":{"footnotes":""},"categories":[20],"tags":[],"_links":{"self":[{"href":"https:\/\/enlamira.info\/index.php\/wp-json\/wp\/v2\/posts\/8848"}],"collection":[{"href":"https:\/\/enlamira.info\/index.php\/wp-json\/wp\/v2\/posts"}],"about":[{"href":"https:\/\/enlamira.info\/index.php\/wp-json\/wp\/v2\/types\/post"}],"author":[{"embeddable":true,"href":"https:\/\/enlamira.info\/index.php\/wp-json\/wp\/v2\/users\/2"}],"replies":[{"embeddable":true,"href":"https:\/\/enlamira.info\/index.php\/wp-json\/wp\/v2\/comments?post=8848"}],"version-history":[{"count":1,"href":"https:\/\/enlamira.info\/index.php\/wp-json\/wp\/v2\/posts\/8848\/revisions"}],"predecessor-version":[{"id":8849,"href":"https:\/\/enlamira.info\/index.php\/wp-json\/wp\/v2\/posts\/8848\/revisions\/8849"}],"wp:featuredmedia":[{"embeddable":true,"href":"https:\/\/enlamira.info\/index.php\/wp-json\/wp\/v2\/media\/8850"}],"wp:attachment":[{"href":"https:\/\/enlamira.info\/index.php\/wp-json\/wp\/v2\/media?parent=8848"}],"wp:term":[{"taxonomy":"category","embeddable":true,"href":"https:\/\/enlamira.info\/index.php\/wp-json\/wp\/v2\/categories?post=8848"},{"taxonomy":"post_tag","embeddable":true,"href":"https:\/\/enlamira.info\/index.php\/wp-json\/wp\/v2\/tags?post=8848"}],"curies":[{"name":"wp","href":"https:\/\/api.w.org\/{rel}","templated":true}]}}