{"id":8814,"date":"2024-07-26T14:53:03","date_gmt":"2024-07-26T17:53:03","guid":{"rendered":"https:\/\/enlamira.info\/?p=8814"},"modified":"2024-07-26T14:55:37","modified_gmt":"2024-07-26T17:55:37","slug":"la-cgt-rechazo-participar-de-la-mesa-de-negociacion-con-el-gobierno-y-empresarios","status":"publish","type":"post","link":"https:\/\/enlamira.info\/index.php\/2024\/07\/26\/la-cgt-rechazo-participar-de-la-mesa-de-negociacion-con-el-gobierno-y-empresarios\/","title":{"rendered":"La CGT rechaz\u00f3 participar de la mesa de negociaci\u00f3n con el Gobierno y empresarios"},"content":{"rendered":"\n<p>La central sindical no acept\u00f3 la invitaci\u00f3n del secretario de Trabajo, Julio Cordero, y se tensa el v\u00ednculo de los sindicalistas con el presidente Javier Milei.<\/p>\n\n\n\n<p>La\u00a0Confederaci\u00f3n General del Trabajo\u00a0(CGT) decidi\u00f3 endurecer su discurso y no ir al di\u00e1logo social que\u00a0propuso el secretario de Trabajo,\u00a0Julio Cordero. El Gobierno hab\u00eda convocado a los sindicalistas para que participen de una mesa de negociaci\u00f3n junto a empresarios del Grupo de los Seis.<\/p>\n\n\n\n<p>Tras una reuni\u00f3n de Comisi\u00f3n Directiva que se llev\u00f3 a cabo esta tarde en la sede central del sindicato, la CGT decidi\u00f3 rechazar la invitaci\u00f3n de Cordero y marchar el 7 de agosto a San Cayetano. El encuentro fue encabezado por\u00a0H\u00e9ctor Daer\u00a0(Sanidad), Carlos Acu\u00f1a\u00a0(Estaciones de Servicio)\u00a0Pablo Moyano\u00a0(Camioneros).<\/p>\n\n\n\n<p>\u201cNo estamos dispuestos a sentarnos en una mesa de negociaci\u00f3n y conversaci\u00f3n tripartita. No se va a ir a esa discusi\u00f3n, porque lo que\u00a0queremos discutir\u00a0es c\u00f3mo generamos\u00a0empleo, discutimos el\u00a0salario\u00a0y generamos trabajo digno y\u00a0desarrollo\u00a0del pa\u00eds\u201d, expres\u00f3 Daer.<\/p>\n\n\n\n<p>Adem\u00e1s, el cosecretario general de la\u00a0CGT\u00a0agreg\u00f3 que\u00a0\u201cel Gobierno no ha dado una respuesta positiva a dos temas que para nosotros eran fundamentales\u201d, haciendo referencia al reclamo por la\u00a0suba del m\u00ednimo no imponible del Impuesto a las Ganancias\u00a0y el pedido de que\u00a0el Poder Ejecutivo retire la apelaci\u00f3n ante la Corte Suprema contra la suspensi\u00f3n del cap\u00edtulo laboral del DNU.<\/p>\n","protected":false},"excerpt":{"rendered":"<p>La central sindical no acept\u00f3 la invitaci\u00f3n del secretario de Trabajo, Julio Cordero, y se tensa el v\u00ednculo de los sindicalistas con el presidente Javier Milei. La\u00a0Confederaci\u00f3n General del Trabajo\u00a0(CGT) decidi\u00f3 endurecer su discurso y no ir al di\u00e1logo social que\u00a0propuso el secretario de Trabajo,\u00a0Julio Cordero. El Gobierno hab\u00eda convocado a los sindicalistas para que [&hellip;]<\/p>\n","protected":false},"author":2,"featured_media":8816,"comment_status":"open","ping_status":"open","sticky":false,"template":"","format":"standard","meta":{"footnotes":""},"categories":[20],"tags":[],"_links":{"self":[{"href":"https:\/\/enlamira.info\/index.php\/wp-json\/wp\/v2\/posts\/8814"}],"collection":[{"href":"https:\/\/enlamira.info\/index.php\/wp-json\/wp\/v2\/posts"}],"about":[{"href":"https:\/\/enlamira.info\/index.php\/wp-json\/wp\/v2\/types\/post"}],"author":[{"embeddable":true,"href":"https:\/\/enlamira.info\/index.php\/wp-json\/wp\/v2\/users\/2"}],"replies":[{"embeddable":true,"href":"https:\/\/enlamira.info\/index.php\/wp-json\/wp\/v2\/comments?post=8814"}],"version-history":[{"count":1,"href":"https:\/\/enlamira.info\/index.php\/wp-json\/wp\/v2\/posts\/8814\/revisions"}],"predecessor-version":[{"id":8815,"href":"https:\/\/enlamira.info\/index.php\/wp-json\/wp\/v2\/posts\/8814\/revisions\/8815"}],"wp:featuredmedia":[{"embeddable":true,"href":"https:\/\/enlamira.info\/index.php\/wp-json\/wp\/v2\/media\/8816"}],"wp:attachment":[{"href":"https:\/\/enlamira.info\/index.php\/wp-json\/wp\/v2\/media?parent=8814"}],"wp:term":[{"taxonomy":"category","embeddable":true,"href":"https:\/\/enlamira.info\/index.php\/wp-json\/wp\/v2\/categories?post=8814"},{"taxonomy":"post_tag","embeddable":true,"href":"https:\/\/enlamira.info\/index.php\/wp-json\/wp\/v2\/tags?post=8814"}],"curies":[{"name":"wp","href":"https:\/\/api.w.org\/{rel}","templated":true}]}}