{"id":8804,"date":"2024-07-26T14:49:19","date_gmt":"2024-07-26T17:49:19","guid":{"rendered":"https:\/\/enlamira.info\/?p=8804"},"modified":"2024-07-26T14:58:44","modified_gmt":"2024-07-26T17:58:44","slug":"el-gobierno-asegura-que-macron-agradecio-a-karina-milei-por-intervenir-frente-al-tuit-de-villarruel","status":"publish","type":"post","link":"https:\/\/enlamira.info\/index.php\/2024\/07\/26\/el-gobierno-asegura-que-macron-agradecio-a-karina-milei-por-intervenir-frente-al-tuit-de-villarruel\/","title":{"rendered":"El Gobierno asegura que Macron agradeci\u00f3 a Karina Milei por intervenir frente al tuit de Villarruel"},"content":{"rendered":"\n<p>\u201cDijo personalmente que hab\u00eda apreciado su intervenci\u00f3n\u201d, destac\u00f3 el vocero presidencial sobre lo que habr\u00eda pronunciado el premier franc\u00e9s en relaci\u00f3n con la hermana del presidente argentino.<\/p>\n\n\n\n<p>En el Palacio del El\u00edseo, Par\u00eds, se llev\u00f3 a cabo una reuni\u00f3n entre el presidente argentino\u00a0Javier Milei\u00a0y su hom\u00f3logo franc\u00e9s\u00a0Emmanuel\u00a0Macron. Tras el encuentro, el gobierno argentino emiti\u00f3 un comunicado destacando el \u201cespecial agradecimiento\u201d del l\u00edder franc\u00e9s a\u00a0Karina\u00a0Milei, secretaria general, por su intervenci\u00f3n en la pol\u00e9mica desatada por el tuit de la vicepresidenta Victoria Villarruel contra Francia.<\/p>\n\n\n\n<p>El vocero presidencial,\u00a0Manuel Adorni, detall\u00f3 que \u201cel presidente Macron se tom\u00f3 un momento para agradecerle directa y especialmente a la se\u00f1ora Karina Milei por sus palabras la semana pasada en ocasi\u00f3n de la pol\u00e9mica por los c\u00e1nticos deportivos y el desafortunado tuit de la vicepresidenta\u201d. Esta declaraci\u00f3n se produjo despu\u00e9s de que Villarruel, en apoyo a Enzo Fern\u00e1ndez, tildara de \u201ccolonialista\u201d al pa\u00eds europeo, tras los incidentes racistas y hom\u00f3fobos en Instagram.<\/p>\n\n\n\n<p>\u201cDijo personalmente que hab\u00eda apreciado su intervenci\u00f3n\u201d, a\u00f1adi\u00f3\u00a0Adorni\u00a0sobre lo que habr\u00eda pronunciado Macron en relaci\u00f3n con la hermana del presidente argentino. Hasta el momento, no ha habido manifestaciones desde Francia sobre este agradecimiento.<\/p>\n\n\n\n<p>La tensi\u00f3n entre\u00a0Villarruel y Karina Milei\u00a0qued\u00f3 evidente nuevamente esta semana. Villarruel public\u00f3 en Twitter: \u201cAunque nos insulten y silben nuestro Himno, la Argentina est\u00e1 destinada a la grandeza. \u00a1Viva la Argentinidad!\u201d, refiri\u00e9ndose a los incidentes ocurridos en los Juegos Ol\u00edmpicos de Par\u00eds, donde la sub-23 argentina recibi\u00f3 agresiones desde la hinchada marroqu\u00ed.<\/p>\n\n\n\n<p>Karina Milei, por su parte, respondi\u00f3 con un comunicado a trav\u00e9s de Adorni, quien es un funcionario cercano a ella. Anteriormente, Adorni hab\u00eda difundido fotos en homenaje a polic\u00edas federales ca\u00eddos justo cuando Villarruel lleg\u00f3 tarde, lo que gener\u00f3 malestar en la vicepresidenta.<\/p>\n\n\n\n<p>Adorni tambi\u00e9n destac\u00f3 la importancia del encuentro bilateral entre Macron y Milei, subrayando que, a pesar de la apretada agenda de Macron debido a los Juegos Ol\u00edmpicos, dedic\u00f3 una hora al presidente argentino. \u201cDebe destacarse que m\u00e1s de cien jefes de Estado y de gobierno se encuentran en Par\u00eds el d\u00eda de hoy y el presidente Macron no concedi\u00f3 un encuentro bilateral a pr\u00e1cticamente ninguno de ellos\u201d, enfatiz\u00f3 Adorni.<\/p>\n\n\n\n<p>En la reuni\u00f3n tambi\u00e9n estuvieron presentes los embajadores de Francia, Ian Sielecki, y de Estados Unidos, Gerardo Werthein, quien es presidente del Comit\u00e9 Ol\u00edmpico Internacional (COI). M\u00e1s tarde, Milei y Macron volver\u00e1n a verse en la recepci\u00f3n que ofrecer\u00e1 el mandatario franc\u00e9s a los jefes de Estado presentes para la apertura oficial de los Juegos Ol\u00edmpicos en el r\u00edo Sena.<\/p>\n","protected":false},"excerpt":{"rendered":"<p>\u201cDijo personalmente que hab\u00eda apreciado su intervenci\u00f3n\u201d, destac\u00f3 el vocero presidencial sobre lo que habr\u00eda pronunciado el premier franc\u00e9s en relaci\u00f3n con la hermana del presidente argentino. En el Palacio del El\u00edseo, Par\u00eds, se llev\u00f3 a cabo una reuni\u00f3n entre el presidente argentino\u00a0Javier Milei\u00a0y su hom\u00f3logo franc\u00e9s\u00a0Emmanuel\u00a0Macron. Tras el encuentro, el gobierno argentino emiti\u00f3 un [&hellip;]<\/p>\n","protected":false},"author":2,"featured_media":8807,"comment_status":"open","ping_status":"open","sticky":false,"template":"","format":"standard","meta":{"footnotes":""},"categories":[20],"tags":[],"_links":{"self":[{"href":"https:\/\/enlamira.info\/index.php\/wp-json\/wp\/v2\/posts\/8804"}],"collection":[{"href":"https:\/\/enlamira.info\/index.php\/wp-json\/wp\/v2\/posts"}],"about":[{"href":"https:\/\/enlamira.info\/index.php\/wp-json\/wp\/v2\/types\/post"}],"author":[{"embeddable":true,"href":"https:\/\/enlamira.info\/index.php\/wp-json\/wp\/v2\/users\/2"}],"replies":[{"embeddable":true,"href":"https:\/\/enlamira.info\/index.php\/wp-json\/wp\/v2\/comments?post=8804"}],"version-history":[{"count":1,"href":"https:\/\/enlamira.info\/index.php\/wp-json\/wp\/v2\/posts\/8804\/revisions"}],"predecessor-version":[{"id":8805,"href":"https:\/\/enlamira.info\/index.php\/wp-json\/wp\/v2\/posts\/8804\/revisions\/8805"}],"wp:featuredmedia":[{"embeddable":true,"href":"https:\/\/enlamira.info\/index.php\/wp-json\/wp\/v2\/media\/8807"}],"wp:attachment":[{"href":"https:\/\/enlamira.info\/index.php\/wp-json\/wp\/v2\/media?parent=8804"}],"wp:term":[{"taxonomy":"category","embeddable":true,"href":"https:\/\/enlamira.info\/index.php\/wp-json\/wp\/v2\/categories?post=8804"},{"taxonomy":"post_tag","embeddable":true,"href":"https:\/\/enlamira.info\/index.php\/wp-json\/wp\/v2\/tags?post=8804"}],"curies":[{"name":"wp","href":"https:\/\/api.w.org\/{rel}","templated":true}]}}