{"id":8760,"date":"2024-07-25T18:04:36","date_gmt":"2024-07-25T21:04:36","guid":{"rendered":"https:\/\/enlamira.info\/?p=8760"},"modified":"2024-07-25T18:10:31","modified_gmt":"2024-07-25T21:10:31","slug":"fallecio-la-hija-del-diputado-ricardo-lopez-murphy","status":"publish","type":"post","link":"https:\/\/enlamira.info\/index.php\/2024\/07\/25\/fallecio-la-hija-del-diputado-ricardo-lopez-murphy\/","title":{"rendered":"Falleci\u00f3 la hija del diputado Ricardo L\u00f3pez Murphy"},"content":{"rendered":"\n<p>Fue el propio economista quien confirm\u00f3 la tr\u00e1gica noticia a trav\u00e9s de sus redes sociales.<\/p>\n\n\n\n<p>El diputado nacional\u00a0Ricardo L\u00f3pez Murphy\u00a0comunic\u00f3 con gran pesar la noticia del fallecimiento de su hija,\u00a0Anal\u00eda Elena L\u00f3pez Murphy,\u00a0a trav\u00e9s de su cuenta en la red social X (anteriormente conocida como Twitter).<\/p>\n\n\n\n<p>\u201cCon gran dolor comunico el fallecimiento de mi querida hija Analia Elena L\u00f3pez Murphy\u201d, expres\u00f3 el legislador en su mensaje.<\/p>\n\n\n\n<p>El anuncio gener\u00f3 una ola de condolencias y mensajes de apoyo de colegas, figuras pol\u00edticas y ciudadanos que se solidarizaron con \u00e9l y su familia en este dif\u00edcil momento.<\/p>\n\n\n\n<p>El legislador de Hacemos Coalici\u00f3n Federal hab\u00eda mencionado brevemente la \u201cdura situaci\u00f3n\u201d que atravesaba su familia en una entrevista con el periodista Luis Novaresio en 2022. En esa ocasi\u00f3n, visiblemente emocionado, revel\u00f3 que ten\u00eda un familiar enfermo \u201cen t\u00e9rminos muy delicados\u201d. Este contexto brinda m\u00e1s claridad sobre la situaci\u00f3n que lamentablemente culmin\u00f3 en el fallecimiento de su hija.<\/p>\n\n\n\n<p>En la misma entrevista, L\u00f3pez Murphy reflexion\u00f3 sobre los sacrificios que hacen las familias de los pol\u00edticos debido a las constantes ausencias provocadas por las responsabilidades del cargo. \u201cCuando yo tom\u00e9 los compromisos c\u00edvicos que tom\u00e9, no pens\u00e9 que iba a afrontar los dilemas que afront\u00e9. Sacamos la carta equivocada\u201d, expres\u00f3 con evidente tristeza.<\/p>\n\n\n\n<p>Hasta el momento, no se han brindado detalles adicionales sobre las circunstancias del fallecimiento de la joven. La familia solicit\u00f3 respeto y privacidad durante este periodo de duelo<\/p>\n","protected":false},"excerpt":{"rendered":"<p>Fue el propio economista quien confirm\u00f3 la tr\u00e1gica noticia a trav\u00e9s de sus redes sociales. El diputado nacional\u00a0Ricardo L\u00f3pez Murphy\u00a0comunic\u00f3 con gran pesar la noticia del fallecimiento de su hija,\u00a0Anal\u00eda Elena L\u00f3pez Murphy,\u00a0a trav\u00e9s de su cuenta en la red social X (anteriormente conocida como Twitter). \u201cCon gran dolor comunico el fallecimiento de mi querida [&hellip;]<\/p>\n","protected":false},"author":2,"featured_media":8762,"comment_status":"open","ping_status":"open","sticky":false,"template":"","format":"standard","meta":{"footnotes":""},"categories":[20],"tags":[],"_links":{"self":[{"href":"https:\/\/enlamira.info\/index.php\/wp-json\/wp\/v2\/posts\/8760"}],"collection":[{"href":"https:\/\/enlamira.info\/index.php\/wp-json\/wp\/v2\/posts"}],"about":[{"href":"https:\/\/enlamira.info\/index.php\/wp-json\/wp\/v2\/types\/post"}],"author":[{"embeddable":true,"href":"https:\/\/enlamira.info\/index.php\/wp-json\/wp\/v2\/users\/2"}],"replies":[{"embeddable":true,"href":"https:\/\/enlamira.info\/index.php\/wp-json\/wp\/v2\/comments?post=8760"}],"version-history":[{"count":1,"href":"https:\/\/enlamira.info\/index.php\/wp-json\/wp\/v2\/posts\/8760\/revisions"}],"predecessor-version":[{"id":8761,"href":"https:\/\/enlamira.info\/index.php\/wp-json\/wp\/v2\/posts\/8760\/revisions\/8761"}],"wp:featuredmedia":[{"embeddable":true,"href":"https:\/\/enlamira.info\/index.php\/wp-json\/wp\/v2\/media\/8762"}],"wp:attachment":[{"href":"https:\/\/enlamira.info\/index.php\/wp-json\/wp\/v2\/media?parent=8760"}],"wp:term":[{"taxonomy":"category","embeddable":true,"href":"https:\/\/enlamira.info\/index.php\/wp-json\/wp\/v2\/categories?post=8760"},{"taxonomy":"post_tag","embeddable":true,"href":"https:\/\/enlamira.info\/index.php\/wp-json\/wp\/v2\/tags?post=8760"}],"curies":[{"name":"wp","href":"https:\/\/api.w.org\/{rel}","templated":true}]}}