{"id":8748,"date":"2024-07-25T18:01:25","date_gmt":"2024-07-25T21:01:25","guid":{"rendered":"https:\/\/enlamira.info\/?p=8748"},"modified":"2024-07-25T18:13:36","modified_gmt":"2024-07-25T21:13:36","slug":"milei-llego-a-paris-para-participar-de-la-apertura-de-los-juegos-olimpicos-y-reunirse-con-macron","status":"publish","type":"post","link":"https:\/\/enlamira.info\/index.php\/2024\/07\/25\/milei-llego-a-paris-para-participar-de-la-apertura-de-los-juegos-olimpicos-y-reunirse-con-macron\/","title":{"rendered":"Milei lleg\u00f3 a Par\u00eds para participar de la apertura de los Juegos Ol\u00edmpicos y reunirse con Macron"},"content":{"rendered":"\n<p>El mandatario argentino que viaj\u00f3 acompa\u00f1ado de su hermana Karina Milei, ser\u00e1 recibido por su par de Francia, ma\u00f1ana al mediod\u00eda en medio de un fuerte operativo de seguridad por las amenazas de Hamas. \u00a0<\/p>\n\n\n\n<p>Finalmente el presidente\u00a0Javier Milei, aterriz\u00f3 en suelo franc\u00e9s, luego de m\u00e1s de 13 horas en un vuelo privado que lo deposit\u00f3 en la ciudad de\u00a0Par\u00eds\u00a0para participar de la inauguraci\u00f3n de los\u00a0Juegos Ol\u00edmpicos 2024.<\/p>\n\n\n\n<p>El mandatario permanecer\u00e1 en la capital europea por dos d\u00edas, ya que ma\u00f1ana viernes al mediod\u00eda mantendr\u00e1 una reuni\u00f3n bilateral con el presidente franc\u00e9s,\u00a0Emmanuel Macron,\u00a0gracias a la cercan\u00eda del Embajador argentino\u00a0Ian Sielecki, con algunos funcionarios del gobierno galo.<\/p>\n\n\n\n<p>El libertario forma parte de una delegaci\u00f3n de 130 Jefes de Estado\u00a0y autoridades de todo el mundo, que estar\u00e1n alojadas en un mismo hotel, rodeadas de extremas medidas de seguridad, calles bloqueadas y con un despliegue de m\u00e1s de 45 mil efectivos de las distintas fuerzas europeas ante las amenazas de diversos grupos terroristas.<\/p>\n\n\n\n<p>Milei viaj\u00f3 acompa\u00f1ado de la secretaria de la Presidencia, su hermana\u00a0Karina Milei, con quien aprovechar\u00e1 el d\u00eda para descansar, ya que\u00a0el viernes concurrir\u00e1 al Palacio del Eliseo donde lo recibir\u00e1 Macron, a las 11, hora francesa.\u00a0Se espera que la charla gire en torno al\u00a0acuerdo de libre comercio con la Uni\u00f3n Europea\u00a0que actualmente se encuentra frenado, la posibilidad de inversiones y otro tema que impulsa la administraci\u00f3n libertaria.<\/p>\n\n\n\n<p>Dos horas m\u00e1s tarde, Milei y su hermana viajar\u00e1n hasta las tribunas que se colocaron a orillas del\u00a0R\u00edo Sena, a la altura de la\u00a0Plaza del Trocadero, muy cerca de la famosa\u00a0Torre Eiffel, para asistir a la inauguraci\u00f3n de los\u00a0Juegos Ol\u00edmpicos\u00a0(JJ.OO), donde las delegaciones se ubicar\u00e1n en embarcaciones que lucir\u00e1n los colores de las banderas de sus pa\u00edses.<\/p>\n\n\n\n<p>Este\u00a0es el viaje n\u00famero 12 que hace el Presidente al exterior\u00a0en apenas siete meses de gesti\u00f3n, de los cuales este es el segundo de agenda oficial, ya que la invitaci\u00f3n a los JJ.OO es a todos los mandatarios de las delegaciones participantes. Adem\u00e1s,\u00a0est\u00e1 envuelto en pol\u00e9mica porque se debi\u00f3 cambiar el protocolo para que pueda estar en el palco junto a Milei su hermana, ya que<a href=\"https:\/\/www.nexofin.com\/notas\/1160685-confirmaron-la-presencia-de-karina-milei-en-la-reunion-con-macron-y-explicaron-su-presencia-en-el-palco-de-los-juegos-olimpicos-n-\/\" target=\"_blank\" rel=\"noreferrer noopener\">\u00a0los mandatarios<\/a>\u00a0son siempre segundados por los Embajadores.<\/p>\n","protected":false},"excerpt":{"rendered":"<p>El mandatario argentino que viaj\u00f3 acompa\u00f1ado de su hermana Karina Milei, ser\u00e1 recibido por su par de Francia, ma\u00f1ana al mediod\u00eda en medio de un fuerte operativo de seguridad por las amenazas de Hamas. \u00a0 Finalmente el presidente\u00a0Javier Milei, aterriz\u00f3 en suelo franc\u00e9s, luego de m\u00e1s de 13 horas en un vuelo privado que lo [&hellip;]<\/p>\n","protected":false},"author":2,"featured_media":8750,"comment_status":"open","ping_status":"open","sticky":false,"template":"","format":"standard","meta":{"footnotes":""},"categories":[20],"tags":[],"_links":{"self":[{"href":"https:\/\/enlamira.info\/index.php\/wp-json\/wp\/v2\/posts\/8748"}],"collection":[{"href":"https:\/\/enlamira.info\/index.php\/wp-json\/wp\/v2\/posts"}],"about":[{"href":"https:\/\/enlamira.info\/index.php\/wp-json\/wp\/v2\/types\/post"}],"author":[{"embeddable":true,"href":"https:\/\/enlamira.info\/index.php\/wp-json\/wp\/v2\/users\/2"}],"replies":[{"embeddable":true,"href":"https:\/\/enlamira.info\/index.php\/wp-json\/wp\/v2\/comments?post=8748"}],"version-history":[{"count":1,"href":"https:\/\/enlamira.info\/index.php\/wp-json\/wp\/v2\/posts\/8748\/revisions"}],"predecessor-version":[{"id":8749,"href":"https:\/\/enlamira.info\/index.php\/wp-json\/wp\/v2\/posts\/8748\/revisions\/8749"}],"wp:featuredmedia":[{"embeddable":true,"href":"https:\/\/enlamira.info\/index.php\/wp-json\/wp\/v2\/media\/8750"}],"wp:attachment":[{"href":"https:\/\/enlamira.info\/index.php\/wp-json\/wp\/v2\/media?parent=8748"}],"wp:term":[{"taxonomy":"category","embeddable":true,"href":"https:\/\/enlamira.info\/index.php\/wp-json\/wp\/v2\/categories?post=8748"},{"taxonomy":"post_tag","embeddable":true,"href":"https:\/\/enlamira.info\/index.php\/wp-json\/wp\/v2\/tags?post=8748"}],"curies":[{"name":"wp","href":"https:\/\/api.w.org\/{rel}","templated":true}]}}