{"id":8689,"date":"2024-07-24T18:19:32","date_gmt":"2024-07-24T21:19:32","guid":{"rendered":"https:\/\/enlamira.info\/?p=8689"},"modified":"2024-07-24T21:11:12","modified_gmt":"2024-07-25T00:11:12","slug":"marcha-atras-y-polemica-el-gobierno-freno-la-designacion-de-el-dipy-en-un-area-de-capital-humano","status":"publish","type":"post","link":"https:\/\/enlamira.info\/index.php\/2024\/07\/24\/marcha-atras-y-polemica-el-gobierno-freno-la-designacion-de-el-dipy-en-un-area-de-capital-humano\/","title":{"rendered":"Marcha atr\u00e1s y pol\u00e9mica: el Gobierno fren\u00f3 la designaci\u00f3n de \u201cEl Dipy\u201d en un \u00e1rea de Capital Humano"},"content":{"rendered":"\n<p>Tras el revuelo en redes sociales al conocerse que el cantante estar\u00eda a cargo de un programa cultural, la ministra Sandra Pettovello dej\u00f3 sin efecto la convocatoria por los antecedentes del cantante en violencia de g\u00e9nero.<\/p>\n\n\n\n<p>Una nueva marcha atr\u00e1s del Gobierno de\u00a0Javier Milei, desat\u00f3 una\u00a0fuerte pol\u00e9mica\u00a0este mi\u00e9rcoles, cuando se conoci\u00f3 que el cantante\u00a0David Mart\u00ednez, m\u00e1s conocido como \u201cEl Dipy\u201d, ser\u00eda designado en un cargo dentro del\u00a0Ministerio de Capital Humano\u00a0que conduce\u00a0Sandra Pettovello.<\/p>\n\n\n\n<p>Seg\u00fan trascendi\u00f3, el artista que fue candidato a intendente de\u00a0La Matanza, por\u00a0La Libertad Avanza\u00a0(LLA), habr\u00eda sido convocado para encabezar un programa de promoci\u00f3n de la m\u00fasica en barrios vulnerables, que quedaba a cargo de la\u00a0Secretaria de Cultura. Cargo por el que\u00a0cobrar\u00eda 1.500.000 pesos mensuales.<\/p>\n\n\n\n<p>La oficializaci\u00f3n del int\u00e9rprete se har\u00eda el pr\u00f3ximo fin de semana, sin embargo, horas despu\u00e9s de que las redes estallaran con debates sobre el tema,\u00a0la propia Ministra Pettovello fue la encargada de frenar la designaci\u00f3n, debido a sus antecedentes por violencia de g\u00e9nero.<\/p>\n\n\n\n<p>Si bien, El Dipy sali\u00f3 a desmentir las versiones que lo relacionaban con un cargo dentro del Gobierno libertario al que apoy\u00f3 fervientemente durante la campa\u00f1a electoral y con el que lleg\u00f3 a colocarse segundo en la pelea por la\u00a0intendencia matancera, detr\u00e1s de\u00a0Fernando Espinoza, fuentes de Capital Humano lo confirman.<\/p>\n","protected":false},"excerpt":{"rendered":"<p>Tras el revuelo en redes sociales al conocerse que el cantante estar\u00eda a cargo de un programa cultural, la ministra Sandra Pettovello dej\u00f3 sin efecto la convocatoria por los antecedentes del cantante en violencia de g\u00e9nero. Una nueva marcha atr\u00e1s del Gobierno de\u00a0Javier Milei, desat\u00f3 una\u00a0fuerte pol\u00e9mica\u00a0este mi\u00e9rcoles, cuando se conoci\u00f3 que el cantante\u00a0David Mart\u00ednez, [&hellip;]<\/p>\n","protected":false},"author":2,"featured_media":8691,"comment_status":"open","ping_status":"open","sticky":false,"template":"","format":"standard","meta":{"footnotes":""},"categories":[20],"tags":[],"_links":{"self":[{"href":"https:\/\/enlamira.info\/index.php\/wp-json\/wp\/v2\/posts\/8689"}],"collection":[{"href":"https:\/\/enlamira.info\/index.php\/wp-json\/wp\/v2\/posts"}],"about":[{"href":"https:\/\/enlamira.info\/index.php\/wp-json\/wp\/v2\/types\/post"}],"author":[{"embeddable":true,"href":"https:\/\/enlamira.info\/index.php\/wp-json\/wp\/v2\/users\/2"}],"replies":[{"embeddable":true,"href":"https:\/\/enlamira.info\/index.php\/wp-json\/wp\/v2\/comments?post=8689"}],"version-history":[{"count":1,"href":"https:\/\/enlamira.info\/index.php\/wp-json\/wp\/v2\/posts\/8689\/revisions"}],"predecessor-version":[{"id":8690,"href":"https:\/\/enlamira.info\/index.php\/wp-json\/wp\/v2\/posts\/8689\/revisions\/8690"}],"wp:featuredmedia":[{"embeddable":true,"href":"https:\/\/enlamira.info\/index.php\/wp-json\/wp\/v2\/media\/8691"}],"wp:attachment":[{"href":"https:\/\/enlamira.info\/index.php\/wp-json\/wp\/v2\/media?parent=8689"}],"wp:term":[{"taxonomy":"category","embeddable":true,"href":"https:\/\/enlamira.info\/index.php\/wp-json\/wp\/v2\/categories?post=8689"},{"taxonomy":"post_tag","embeddable":true,"href":"https:\/\/enlamira.info\/index.php\/wp-json\/wp\/v2\/tags?post=8689"}],"curies":[{"name":"wp","href":"https:\/\/api.w.org\/{rel}","templated":true}]}}