{"id":8686,"date":"2024-07-24T18:18:41","date_gmt":"2024-07-24T21:18:41","guid":{"rendered":"https:\/\/enlamira.info\/?p=8686"},"modified":"2024-07-24T21:12:16","modified_gmt":"2024-07-25T00:12:16","slug":"maduro-cancelo-a-alberto-fernandez-y-le-cerro-la-puerta-como-observador-electoral","status":"publish","type":"post","link":"https:\/\/enlamira.info\/index.php\/2024\/07\/24\/maduro-cancelo-a-alberto-fernandez-y-le-cerro-la-puerta-como-observador-electoral\/","title":{"rendered":"Maduro cancel\u00f3 a Alberto Fern\u00e1ndez y le cerr\u00f3 la puerta como observador electoral"},"content":{"rendered":"\n<p>El expresidente argentino hab\u00eda sido designado por el Consejo Nacional Electoral para los comicios de este domingo. \u201cMe informaron que mis declaraciones generaban molestias. No comprendo tal malestar\u201d, lament\u00f3 el exmandatario, a pocos d\u00edas de la contienda.<\/p>\n\n\n\n<p>Nicol\u00e1s\u00a0Maduro\u00a0desisti\u00f3 de invitar a\u00a0Alberto\u00a0Fern\u00e1ndez\u00a0para\u00a0actuar\u00a0como observador de las elecciones presidenciales de Venezuela este domingo. El exmandatario argentino hizo p\u00fablica la decisi\u00f3n del presidente venezolano, alegando que declaraciones suyas hab\u00edan causado molestias y dudas sobre su imparcialidad.<\/p>\n\n\n\n<p>El exjefe de Estado comunic\u00f3 a trav\u00e9s de Twitter que no viajar\u00e1 a Venezuela, como estaba planeado inicialmente. En su mensaje, el jefe de Estado mostr\u00f3 la carta con la que el Consejo Nacional Electoral le solicit\u00f3 su presencia como veedor en los comicios. Sin embargo, el gobierno de Maduro cambi\u00f3 de parecer a cuatro d\u00edas de las elecciones.<\/p>\n\n\n\n<p>\u201cEl gobierno venezolano me transmiti\u00f3 su voluntad de que no viajara y desistiera de cumplir con la tarea encomendada por el Consejo Nacional Electoral\u201d, explic\u00f3 Fern\u00e1ndez. \u201cLa raz\u00f3n dada es que declaraciones p\u00fablicas m\u00edas causaban molestias y generaban dudas sobre mi imparcialidad, en coincidencia con lo expresado por el presidente de Brasil, Luiz In\u00e1cio Lula da Silva, lo que, seg\u00fan ellos, podr\u00eda desestabilizar el proceso electoral.\u201d<\/p>\n\n\n\n<p><strong>Fern\u00e1ndez<\/strong>&nbsp;agreg\u00f3 que no comprende el malestar generado, ya que solo afirm\u00f3 que en una democracia, cuando el pueblo vota, \u201cel que gana, gana y el que pierde, pierde\u201d, y ambos deben aceptar el veredicto popular. Maduro ya hab\u00eda tenido un desencuentro con Lula, quien recientemente coment\u00f3: \u201cQuien pierde las elecciones toma un ba\u00f1o de votos, no de sangre.\u201d A esto, Maduro respondi\u00f3: \u201cEl que se asust\u00f3 que se tome una manzanilla.\u201d<\/p>\n\n\n\n<p>Las encuestas prev\u00e9n una posible victoria de la oposici\u00f3n en las presidenciales, lo cual genera incertidumbre sobre la reacci\u00f3n de Maduro. En su tuit, Fern\u00e1ndez adjunt\u00f3 una copia de la carta enviada por el Consejo Nacional Electoral el 12 de julio, firmada por su presidenta Rosalba Gil, donde se le extend\u00eda la invitaci\u00f3n oficial.<\/p>\n\n\n\n<p>Ante la decisi\u00f3n de Maduro,&nbsp;<strong>Fern\u00e1ndez<\/strong>&nbsp;expres\u00f3 su desacuerdo, calificando la demanda como \u201cins\u00f3lita\u201d. \u201cCre\u00ed conveniente no viajar para no dar lugar a que se me atribuya enturbiar una jornada electoral trascendental, cuando solo buscaba cumplir con la tarea de un veedor electoral,\u201d justific\u00f3 el exmandatario.<\/p>\n\n\n\n<p>Un observador electoral debe vigilar el cumplimiento de las normas durante el acto electoral de manera objetiva, imparcial y transparente, explic\u00f3 Fern\u00e1ndez. \u201cEse era mi \u00fanico prop\u00f3sito. Hubiera querido poder hacerlo, pero siento que en el contexto creado no podr\u00e9 cumplir cabalmente con esa tarea,\u201d a\u00f1adi\u00f3.<\/p>\n\n\n\n<p>Fern\u00e1ndez finaliz\u00f3 su mensaje deseando que las elecciones se desarrollen de manera transparente y que el veredicto popular sea respetado, cualquiera sea el resultado. \u201cSi ese objetivo se cumple, el pueblo venezolano recuperar\u00e1 la convivencia democr\u00e1tica y los millones de venezolanas y venezolanos que debieron emigrar podr\u00e1n regresar a esa maravillosa tierra en la que nacieron.\u201d<\/p>\n\n\n\n<p>\u201cHago p\u00fablica esta situaci\u00f3n con mucho pesar, pero con el \u00fanico objetivo de expresar mis mejores deseos de que Venezuela tenga el mejor futuro que merece,\u201d concluy\u00f3.<\/p>\n","protected":false},"excerpt":{"rendered":"<p>El expresidente argentino hab\u00eda sido designado por el Consejo Nacional Electoral para los comicios de este domingo. \u201cMe informaron que mis declaraciones generaban molestias. No comprendo tal malestar\u201d, lament\u00f3 el exmandatario, a pocos d\u00edas de la contienda. Nicol\u00e1s\u00a0Maduro\u00a0desisti\u00f3 de invitar a\u00a0Alberto\u00a0Fern\u00e1ndez\u00a0para\u00a0actuar\u00a0como observador de las elecciones presidenciales de Venezuela este domingo. El exmandatario argentino hizo p\u00fablica [&hellip;]<\/p>\n","protected":false},"author":2,"featured_media":8688,"comment_status":"open","ping_status":"open","sticky":false,"template":"","format":"standard","meta":{"footnotes":""},"categories":[20],"tags":[],"_links":{"self":[{"href":"https:\/\/enlamira.info\/index.php\/wp-json\/wp\/v2\/posts\/8686"}],"collection":[{"href":"https:\/\/enlamira.info\/index.php\/wp-json\/wp\/v2\/posts"}],"about":[{"href":"https:\/\/enlamira.info\/index.php\/wp-json\/wp\/v2\/types\/post"}],"author":[{"embeddable":true,"href":"https:\/\/enlamira.info\/index.php\/wp-json\/wp\/v2\/users\/2"}],"replies":[{"embeddable":true,"href":"https:\/\/enlamira.info\/index.php\/wp-json\/wp\/v2\/comments?post=8686"}],"version-history":[{"count":1,"href":"https:\/\/enlamira.info\/index.php\/wp-json\/wp\/v2\/posts\/8686\/revisions"}],"predecessor-version":[{"id":8687,"href":"https:\/\/enlamira.info\/index.php\/wp-json\/wp\/v2\/posts\/8686\/revisions\/8687"}],"wp:featuredmedia":[{"embeddable":true,"href":"https:\/\/enlamira.info\/index.php\/wp-json\/wp\/v2\/media\/8688"}],"wp:attachment":[{"href":"https:\/\/enlamira.info\/index.php\/wp-json\/wp\/v2\/media?parent=8686"}],"wp:term":[{"taxonomy":"category","embeddable":true,"href":"https:\/\/enlamira.info\/index.php\/wp-json\/wp\/v2\/categories?post=8686"},{"taxonomy":"post_tag","embeddable":true,"href":"https:\/\/enlamira.info\/index.php\/wp-json\/wp\/v2\/tags?post=8686"}],"curies":[{"name":"wp","href":"https:\/\/api.w.org\/{rel}","templated":true}]}}