{"id":8679,"date":"2024-07-24T18:15:37","date_gmt":"2024-07-24T21:15:37","guid":{"rendered":"https:\/\/enlamira.info\/?p=8679"},"modified":"2024-07-24T21:13:35","modified_gmt":"2024-07-25T00:13:35","slug":"tension-interna-villarruel-visito-la-rural-y-dijo-que-su-relacion-con-milei-esta-bien","status":"publish","type":"post","link":"https:\/\/enlamira.info\/index.php\/2024\/07\/24\/tension-interna-villarruel-visito-la-rural-y-dijo-que-su-relacion-con-milei-esta-bien\/","title":{"rendered":"Tensi\u00f3n interna: Villarruel visit\u00f3 La Rural y dijo que su relaci\u00f3n con Milei \u201cesta bien\u201d"},"content":{"rendered":"\n<p>La Vicepresidenta se mostr\u00f3 alegre en la muestra del campo y defendi\u00f3 al sector que a\u00fan le reclama al Gobierno la quita de retenciones.<\/p>\n\n\n\n<p>En medio de la tensi\u00f3n interna de la c\u00fapula presidencial, la vicepresidenta\u00a0Victoria Villarruel, visit\u00f3 la\u00a0Exposici\u00f3n Rural de Palermo, en donde apoy\u00f3 al sector y revel\u00f3 que su relaci\u00f3n con\u00a0Javier Milei\u00a0\u201cesta bien\u201d,\u00a0 baj\u00e1ndole el tono a la pelea de poder.<\/p>\n\n\n\n<p>La titular del\u00a0Senado\u00a0brind\u00f3 una entrevista a\u00a0Chacra TV, en su ingreso al predio donde se desarrolla la muestra buc\u00f3lica, en donde dijo: \u201cNo quiero quitarle relevancia a lo que vengo a hacer ac\u00e1, que es apoyar al campo. Ser\u00e1 en otra oportunidad que hable de esa cuesti\u00f3n.\u00a0Hoy el campo es lo \u00fanico importante\u201d.<\/p>\n\n\n\n<p>Por lo que no quiso referirse a su pol\u00e9mico tuit en donde tild\u00f3 a\u00a0Francia\u00a0de potencia colonialista, y desat\u00f3 la furia del Presidente, sobre quien dijo: \u201cMi relaci\u00f3n con el Presidente est\u00e1 bien\u201d.<\/p>\n\n\n\n<p>\u201cEn este momento la Argentina es un socio estrat\u00e9gico del mundo y del Gobierno, por supuesto, que debe seguir siendo\u00a0y, de hecho, tenemos que establecer a futuro las bases de un di\u00e1logo con el campo que no se modifique independientemente de los gobiernos, de las corrientes pol\u00edticas que asuman el poder en la Rep\u00fablica Argentina\u201d, agreg\u00f3 la referente de\u00a0La Libertad Avanza.<\/p>\n\n\n\n<p>A lo que sum\u00f3: \u201cEsta es una muestra ganadera; tenemos 110 millones de hect\u00e1reas ocupadas con la ganader\u00eda, con los m\u00e1s competitivos productores. Definitivamente,\u00a0nosotros tenemos que apuntar a crear las condiciones econ\u00f3micas y normativas para que siga siendo nuestro socio, nuestro ADN y nuestro sello del mundo\u201d.<\/p>\n\n\n\n<p>\u201cTenemos que apuntar al desarrollo en todo lo que tiene que ver con la biotecnolog\u00eda y la tecnolog\u00eda, por supuesto, a facilitar las condiciones para llegar a los mercados internacionales, y todo eso son medidas que tenemos que tratar tanto en el Congreso, en las dos c\u00e1maras, como gobierno. As\u00ed que definitivamente tenemos que apuntar a que la cadena productiva y la industrializaci\u00f3n en origen sea una realidad\u201d, concluy\u00f3 desviando el tema de su enfrentamiento con Milei.<\/p>\n","protected":false},"excerpt":{"rendered":"<p>La Vicepresidenta se mostr\u00f3 alegre en la muestra del campo y defendi\u00f3 al sector que a\u00fan le reclama al Gobierno la quita de retenciones. En medio de la tensi\u00f3n interna de la c\u00fapula presidencial, la vicepresidenta\u00a0Victoria Villarruel, visit\u00f3 la\u00a0Exposici\u00f3n Rural de Palermo, en donde apoy\u00f3 al sector y revel\u00f3 que su relaci\u00f3n con\u00a0Javier Milei\u00a0\u201cesta bien\u201d,\u00a0 [&hellip;]<\/p>\n","protected":false},"author":2,"featured_media":8681,"comment_status":"open","ping_status":"open","sticky":false,"template":"","format":"standard","meta":{"footnotes":""},"categories":[20],"tags":[],"_links":{"self":[{"href":"https:\/\/enlamira.info\/index.php\/wp-json\/wp\/v2\/posts\/8679"}],"collection":[{"href":"https:\/\/enlamira.info\/index.php\/wp-json\/wp\/v2\/posts"}],"about":[{"href":"https:\/\/enlamira.info\/index.php\/wp-json\/wp\/v2\/types\/post"}],"author":[{"embeddable":true,"href":"https:\/\/enlamira.info\/index.php\/wp-json\/wp\/v2\/users\/2"}],"replies":[{"embeddable":true,"href":"https:\/\/enlamira.info\/index.php\/wp-json\/wp\/v2\/comments?post=8679"}],"version-history":[{"count":1,"href":"https:\/\/enlamira.info\/index.php\/wp-json\/wp\/v2\/posts\/8679\/revisions"}],"predecessor-version":[{"id":8680,"href":"https:\/\/enlamira.info\/index.php\/wp-json\/wp\/v2\/posts\/8679\/revisions\/8680"}],"wp:featuredmedia":[{"embeddable":true,"href":"https:\/\/enlamira.info\/index.php\/wp-json\/wp\/v2\/media\/8681"}],"wp:attachment":[{"href":"https:\/\/enlamira.info\/index.php\/wp-json\/wp\/v2\/media?parent=8679"}],"wp:term":[{"taxonomy":"category","embeddable":true,"href":"https:\/\/enlamira.info\/index.php\/wp-json\/wp\/v2\/categories?post=8679"},{"taxonomy":"post_tag","embeddable":true,"href":"https:\/\/enlamira.info\/index.php\/wp-json\/wp\/v2\/tags?post=8679"}],"curies":[{"name":"wp","href":"https:\/\/api.w.org\/{rel}","templated":true}]}}