{"id":8614,"date":"2024-07-23T18:19:06","date_gmt":"2024-07-23T21:19:06","guid":{"rendered":"https:\/\/enlamira.info\/?p=8614"},"modified":"2024-07-23T21:15:30","modified_gmt":"2024-07-24T00:15:30","slug":"crisis-en-el-oficialismo-adorni-confirmo-que-el-presidente-no-hablo-con-la-vice-en-estos-dias","status":"publish","type":"post","link":"https:\/\/enlamira.info\/index.php\/2024\/07\/23\/crisis-en-el-oficialismo-adorni-confirmo-que-el-presidente-no-hablo-con-la-vice-en-estos-dias\/","title":{"rendered":"Crisis en el oficialismo: Adorni confirm\u00f3 que \u201cel Presidente no habl\u00f3 con la Vice en estos d\u00edas\u201d"},"content":{"rendered":"\n<p>A pesar de los intentos de bajarle el tono a la disputa de poder que existe entre Javier Milei y Victoria Villarruel, el Gobierno no logra minimizar los alcances pol\u00edticos de la interna pol\u00edtica.<\/p>\n\n\n\n<p>En los \u00faltimos d\u00edas fue creciendo la disputa dentro de las altas esferas del Gobierno, ya que la furia del presidente\u00a0Javier Milei,\u00a0con su vice\u00a0Victoria Villarruel, no cede, tras el conflicto diplom\u00e1tico con\u00a0Francia\u00a0por un tuit contra dicha potencia europea a la que el Presidente prefiere mantener como aliada.<\/p>\n\n\n\n<p>De hecho, fue el propio mandatario quien confirm\u00f3, a d\u00edas de viajar al pa\u00eds galo para la inauguraci\u00f3n de los\u00a0Juegos Ol\u00edmpicos, que fue la secretaria de la Presciencia, su hermana\u00a0Karina Milei, quien personalmente se disculp\u00f3 en la\u00a0Embajada francesa en Buenos Aires.<\/p>\n\n\n\n<p>Esta rispidez ideol\u00f3gica, no hizo m\u00e1s que sumar tensi\u00f3n en la ya, maltratada relaci\u00f3n entre el libertario y su segunda al mando del Ejecutivo, con quien sostiene un complejo trata desde la campa\u00f1a electoral.<\/p>\n\n\n\n<p>Ahora, para intentar bajar la tensi\u00f3n desde\u00a0Casa Rosada\u00a0salieron a desmentir que exista un conflicto de poder dentro de la c\u00fapula libertaria, de hecho el vocero presidencial,\u00a0Manuel Adorni\u00a0sostuvo que \u201cel tema gener\u00f3 un ruido medi\u00e1tico que no debi\u00f3 generarse\u201d.<\/p>\n\n\n\n<p>\u201cEs un tema donde estamos todos m\u00e1s o menos de acuerdo que hay opiniones personales, entremezcladas con cuestiones futboleras, y cuestiones que son declaraciones de Gobierno\u201d, asegur\u00f3 el funcionario en su habitual conferencia de prensa, refiri\u00e9ndose al tema del tuit en el que Villarruel tild\u00f3 de \u201cpotencia colonialista\u201d a Francia.<\/p>\n\n\n\n<p>El portavoz de Milei, agreg\u00f3: \u201cNo hubo rispidez de ninguna \u00edndole. Fue un comentario que no representaba la opini\u00f3n del Gobierno, fue una pavada\u201d. Aunque revel\u00f3 que \u201cel Presidente no habl\u00f3 con la Vice en estos d\u00edas\u201d, destacando que la pelea s\u00ed existi\u00f3 y fue grave.<\/p>\n","protected":false},"excerpt":{"rendered":"<p>A pesar de los intentos de bajarle el tono a la disputa de poder que existe entre Javier Milei y Victoria Villarruel, el Gobierno no logra minimizar los alcances pol\u00edticos de la interna pol\u00edtica. En los \u00faltimos d\u00edas fue creciendo la disputa dentro de las altas esferas del Gobierno, ya que la furia del presidente\u00a0Javier [&hellip;]<\/p>\n","protected":false},"author":2,"featured_media":8616,"comment_status":"open","ping_status":"open","sticky":false,"template":"","format":"standard","meta":{"footnotes":""},"categories":[20],"tags":[],"_links":{"self":[{"href":"https:\/\/enlamira.info\/index.php\/wp-json\/wp\/v2\/posts\/8614"}],"collection":[{"href":"https:\/\/enlamira.info\/index.php\/wp-json\/wp\/v2\/posts"}],"about":[{"href":"https:\/\/enlamira.info\/index.php\/wp-json\/wp\/v2\/types\/post"}],"author":[{"embeddable":true,"href":"https:\/\/enlamira.info\/index.php\/wp-json\/wp\/v2\/users\/2"}],"replies":[{"embeddable":true,"href":"https:\/\/enlamira.info\/index.php\/wp-json\/wp\/v2\/comments?post=8614"}],"version-history":[{"count":1,"href":"https:\/\/enlamira.info\/index.php\/wp-json\/wp\/v2\/posts\/8614\/revisions"}],"predecessor-version":[{"id":8615,"href":"https:\/\/enlamira.info\/index.php\/wp-json\/wp\/v2\/posts\/8614\/revisions\/8615"}],"wp:featuredmedia":[{"embeddable":true,"href":"https:\/\/enlamira.info\/index.php\/wp-json\/wp\/v2\/media\/8616"}],"wp:attachment":[{"href":"https:\/\/enlamira.info\/index.php\/wp-json\/wp\/v2\/media?parent=8614"}],"wp:term":[{"taxonomy":"category","embeddable":true,"href":"https:\/\/enlamira.info\/index.php\/wp-json\/wp\/v2\/categories?post=8614"},{"taxonomy":"post_tag","embeddable":true,"href":"https:\/\/enlamira.info\/index.php\/wp-json\/wp\/v2\/tags?post=8614"}],"curies":[{"name":"wp","href":"https:\/\/api.w.org\/{rel}","templated":true}]}}