{"id":861,"date":"2024-03-12T15:23:27","date_gmt":"2024-03-12T18:23:27","guid":{"rendered":"https:\/\/enlamira.info\/?p=861"},"modified":"2024-03-12T16:06:54","modified_gmt":"2024-03-12T19:06:54","slug":"861","status":"publish","type":"post","link":"https:\/\/enlamira.info\/index.php\/2024\/03\/12\/861\/","title":{"rendered":"El ex jugador de la Selecci\u00f3n que fulmin\u00f3 al Papu G\u00f3mez: \u201cJam\u00e1s me mand\u00f3 ni un mensaje\u201d"},"content":{"rendered":"\n<p>Un futbolista mundialista con la Albiceleste record\u00f3 un cruce que tuvo con el Papu en la Serie A.<\/p>\n\n\n\n<p>El Papu G\u00f3mez volvi\u00f3 a estar en el foco de las noticias y esta vez no fue por el caso de suspensi\u00f3n por doping que viene atravesando, sino porque en este caso un ex jugador mundialista con la Selecci\u00f3n Argentina apunt\u00f3 por una actitud suya que tuvo fuera de la cancha hace unos a\u00f1os.<\/p>\n\n\n\n<p>Quien arremeti\u00f3 en esta oportunidad fue Lucas Biglia, el ex futbolista de Independiente y Milan, entre otros, que en di\u00e1logo con La Naci\u00f3n se refiri\u00f3 a un viejo cruce con el Papu sucedido antes del Mundial de Rusia 2018 en en un duelo entre el cuadro milan\u00e9s y la Atalanta.<\/p>\n\n\n\n<p>\u201cReci\u00e9n me lo volv\u00ed a cruzar hace 20 d\u00edas. Mi hijo lo ve y me dice, \u2018pap\u00e1, me quiero sacar una foto con el Papu\u2019. Y\u2026 and\u00e1 a sac\u00e1rtela, \u00bfqu\u00e9 le iba a decir, que no porque una vez me rompi\u00f3 todo?\u201d, record\u00f3 Biglia.<\/p>\n\n\n\n<p>Adem\u00e1s, arremeti\u00f3 contra la actitud de G\u00f3mez tras esta dura infracci\u00f3n: \u201cPero antes, por intermedio de amigos, Denis me pidi\u00f3 permiso para hablar con \u00e9l. Y el \u2018Papu\u2019 le dijo que estaba todo bien, que ten\u00eda la mejor conmigo. \u00c9l dijo eso\u2026 Pero jam\u00e1s me mand\u00f3 ni un mensaje ni me llam\u00f3 nunca\u201d.<\/p>\n\n\n\n<p>Y para cerrar, dispar\u00f3 con un reclamo para el Papu: \u201cY ya pasaron seis a\u00f1os. \u2018Loco, mir\u00e1, te pido mil disculpas\u2019, algo as\u00ed. Yo no soy rencoroso, pero si te port\u00e1s as\u00ed, tengo que pensar que no lo hiciste de buena fe. Alessio quer\u00eda la foto\u2026 y tiene la foto, jajaja\u201d.<\/p>\n\n\n\n<p><\/p>\n\n\n\n<p><\/p>\n\n\n\n<p><\/p>\n","protected":false},"excerpt":{"rendered":"<p>Un futbolista mundialista con la Albiceleste record\u00f3 un cruce que tuvo con el Papu en la Serie A. El Papu G\u00f3mez volvi\u00f3 a estar en el foco de las noticias y esta vez no fue por el caso de suspensi\u00f3n por doping que viene atravesando, sino porque en este caso un ex jugador mundialista con [&hellip;]<\/p>\n","protected":false},"author":2,"featured_media":865,"comment_status":"open","ping_status":"open","sticky":false,"template":"","format":"standard","meta":{"footnotes":""},"categories":[14],"tags":[],"_links":{"self":[{"href":"https:\/\/enlamira.info\/index.php\/wp-json\/wp\/v2\/posts\/861"}],"collection":[{"href":"https:\/\/enlamira.info\/index.php\/wp-json\/wp\/v2\/posts"}],"about":[{"href":"https:\/\/enlamira.info\/index.php\/wp-json\/wp\/v2\/types\/post"}],"author":[{"embeddable":true,"href":"https:\/\/enlamira.info\/index.php\/wp-json\/wp\/v2\/users\/2"}],"replies":[{"embeddable":true,"href":"https:\/\/enlamira.info\/index.php\/wp-json\/wp\/v2\/comments?post=861"}],"version-history":[{"count":2,"href":"https:\/\/enlamira.info\/index.php\/wp-json\/wp\/v2\/posts\/861\/revisions"}],"predecessor-version":[{"id":864,"href":"https:\/\/enlamira.info\/index.php\/wp-json\/wp\/v2\/posts\/861\/revisions\/864"}],"wp:featuredmedia":[{"embeddable":true,"href":"https:\/\/enlamira.info\/index.php\/wp-json\/wp\/v2\/media\/865"}],"wp:attachment":[{"href":"https:\/\/enlamira.info\/index.php\/wp-json\/wp\/v2\/media?parent=861"}],"wp:term":[{"taxonomy":"category","embeddable":true,"href":"https:\/\/enlamira.info\/index.php\/wp-json\/wp\/v2\/categories?post=861"},{"taxonomy":"post_tag","embeddable":true,"href":"https:\/\/enlamira.info\/index.php\/wp-json\/wp\/v2\/tags?post=861"}],"curies":[{"name":"wp","href":"https:\/\/api.w.org\/{rel}","templated":true}]}}