{"id":8565,"date":"2024-07-22T14:52:53","date_gmt":"2024-07-22T17:52:53","guid":{"rendered":"https:\/\/enlamira.info\/?p=8565"},"modified":"2024-07-22T14:59:12","modified_gmt":"2024-07-22T17:59:12","slug":"javier-milei-nosotros-decimos-lo-que-pensamos-y-hacemos-lo-que-decimos","status":"publish","type":"post","link":"https:\/\/enlamira.info\/index.php\/2024\/07\/22\/javier-milei-nosotros-decimos-lo-que-pensamos-y-hacemos-lo-que-decimos\/","title":{"rendered":"Javier Milei: \u201cNosotros decimos lo que pensamos y hacemos lo que decimos\u201d"},"content":{"rendered":"\n<p>El Presidente estuvo presente en el lanzamiento de ILAN, una fundaci\u00f3n que pretenden impulsar la cooperaci\u00f3n entre Israel y la Argentina.<\/p>\n\n\n\n<p>Este domingo por la noche se present\u00f3 la fundaci\u00f3n\u00a0ILAN, la cual apunta a la innovaci\u00f3n y cooperaci\u00f3n de j\u00f3venes, emprendedores y universidades de\u00a0Israel y Am\u00e9rica Latina. En el acto estuvo presente el presidente\u00a0Javier Milei, quien estuvo a cargo del discurso central.<\/p>\n\n\n\n<p>\u201cEl lanzamiento de ILAN ayudar\u00e1 a\u00a0promover las relaciones entre las dos naciones que nos permitir\u00e1 expresar un v\u00ednculo importante\u00a0para todos los argentinos\u201d, se\u00f1al\u00f3 el Presidente, quien estuvo acompa\u00f1ado por su hermana y secretaria general de la Presidencia, Karina Milei, el ministro de Defensa, Luis Petri y su pareja, la periodista Cristina P\u00e9rez.<\/p>\n\n\n\n<p>\u201cEst\u00e1 claro que Argentina fomenta e impulsa el progreso de la innovaci\u00f3n en su pa\u00eds y en Am\u00e9rica Latina. Puedo confirmar que aqu\u00ed\u00a0hay j\u00f3venes promesas importantes para el futuro, y esta llegada de la fundaci\u00f3n al pa\u00eds sin dudas promover\u00e1 el\u00a0intercambio de conocimientos y experiencias entre ambas regiones, as\u00ed como nuevas oportunidades de colaboraci\u00f3n y crecimiento en conjunto\u201d, agreg\u00f3.<\/p>\n\n\n\n<p>En referencia a los cambios pol\u00edticos durante 2024, se\u00f1al\u00f3: \u201cHay que ser firmes en las convicciones, pero inteligentes para adaptarse en una realidad cambiante. Esto aplica para la econom\u00eda, para los que tomamos decisiones\u00a0macroecon\u00f3micas, para los empresarios, pero tambi\u00e9n a la pol\u00edtica. Miren, por ejemplo, c\u00f3mo la realidad pol\u00edtica argentina cambi\u00f3 y la dirigencia tradicional no supo adaptarse\u201c.<\/p>\n\n\n\n<p>\u201cHemos encontrado en el ejercicio de hacer las cosas distintas en pol\u00edtica argentina implica necesariamente la recuperaci\u00f3n de un valor central para nosotros: el valor de la verdad.\u00a0Nosotros decimos lo que pensamos y hacemos lo que decimos. Van a encontrar una perfecta consonancia entre las cosas que dijimos en la campa\u00f1a y las cosas que estamos haciendo hoy\u201d, contin\u00fao al tiempo que afirm\u00f3 que \u201cno podemos esperar resultados distintos si hacemos siempre lo mismo. Antes de saber qu\u00e9 hacer,\u00a0hay que comprender que si hacemos lo que hicieron todos y fracasaron, entonces fracasaremos\u201c.<\/p>\n\n\n\n<p>\u201cEspero que el lanzamiento de Ilan en Argentina ayude a promover las relaciones entre nuestras dos naciones y nos permita continuar estrechando\u00a0un v\u00ednculo que no solo es importante para m\u00ed en t\u00e9rminos personales\u00a0sino para todos los argentinos que hemos decidido apoyar las ideas de la libertad\u201d, concluy\u00f3.<\/p>\n","protected":false},"excerpt":{"rendered":"<p>El Presidente estuvo presente en el lanzamiento de ILAN, una fundaci\u00f3n que pretenden impulsar la cooperaci\u00f3n entre Israel y la Argentina. Este domingo por la noche se present\u00f3 la fundaci\u00f3n\u00a0ILAN, la cual apunta a la innovaci\u00f3n y cooperaci\u00f3n de j\u00f3venes, emprendedores y universidades de\u00a0Israel y Am\u00e9rica Latina. En el acto estuvo presente el presidente\u00a0Javier Milei, [&hellip;]<\/p>\n","protected":false},"author":2,"featured_media":8568,"comment_status":"open","ping_status":"open","sticky":false,"template":"","format":"standard","meta":{"footnotes":""},"categories":[20],"tags":[],"_links":{"self":[{"href":"https:\/\/enlamira.info\/index.php\/wp-json\/wp\/v2\/posts\/8565"}],"collection":[{"href":"https:\/\/enlamira.info\/index.php\/wp-json\/wp\/v2\/posts"}],"about":[{"href":"https:\/\/enlamira.info\/index.php\/wp-json\/wp\/v2\/types\/post"}],"author":[{"embeddable":true,"href":"https:\/\/enlamira.info\/index.php\/wp-json\/wp\/v2\/users\/2"}],"replies":[{"embeddable":true,"href":"https:\/\/enlamira.info\/index.php\/wp-json\/wp\/v2\/comments?post=8565"}],"version-history":[{"count":1,"href":"https:\/\/enlamira.info\/index.php\/wp-json\/wp\/v2\/posts\/8565\/revisions"}],"predecessor-version":[{"id":8566,"href":"https:\/\/enlamira.info\/index.php\/wp-json\/wp\/v2\/posts\/8565\/revisions\/8566"}],"wp:featuredmedia":[{"embeddable":true,"href":"https:\/\/enlamira.info\/index.php\/wp-json\/wp\/v2\/media\/8568"}],"wp:attachment":[{"href":"https:\/\/enlamira.info\/index.php\/wp-json\/wp\/v2\/media?parent=8565"}],"wp:term":[{"taxonomy":"category","embeddable":true,"href":"https:\/\/enlamira.info\/index.php\/wp-json\/wp\/v2\/categories?post=8565"},{"taxonomy":"post_tag","embeddable":true,"href":"https:\/\/enlamira.info\/index.php\/wp-json\/wp\/v2\/tags?post=8565"}],"curies":[{"name":"wp","href":"https:\/\/api.w.org\/{rel}","templated":true}]}}