{"id":8562,"date":"2024-07-22T14:51:56","date_gmt":"2024-07-22T17:51:56","guid":{"rendered":"https:\/\/enlamira.info\/?p=8562"},"modified":"2024-07-22T15:00:39","modified_gmt":"2024-07-22T18:00:39","slug":"arranca-la-fase-2-del-plan-economico-con-el-foco-puesto-en-la-emision-cero","status":"publish","type":"post","link":"https:\/\/enlamira.info\/index.php\/2024\/07\/22\/arranca-la-fase-2-del-plan-economico-con-el-foco-puesto-en-la-emision-cero\/","title":{"rendered":"Arranca la fase 2 del plan econ\u00f3mico con el foco puesto en la \u201cemisi\u00f3n cero\u201d"},"content":{"rendered":"\n<p>Comienza a operar la letra fiscal de liquidez (LEFI) emitida por el Tesoro que apunta a reemplazar a los pases pasivos del Banco Central. Expectativa por la tasa de inter\u00e9s.<\/p>\n\n\n\n<p>Desde este lunes arranca la&nbsp;segunda fase del plan econ\u00f3mico impulsado por Javier Milei&nbsp;y&nbsp;debutan las&nbsp;Letras Fiscales de Liquidez (LEFI).<\/p>\n\n\n\n<p>El foco estar\u00e1 puesto en la \u201cemisi\u00f3n cero\u201d y el Banco Central controlar\u00e1 la pol\u00edtica monetaria y podr\u00eda generar&nbsp;una suba de tasas. De todas maneras, algunos inversores plantean dudas.<\/p>\n\n\n\n<p>\u201cEst\u00e1 claro que est\u00e1 virando a lo que&nbsp;elegantemente podr\u00edamos llamar gesti\u00f3n de liquidez v\u00eda venta de d\u00f3lares en el mercado paralelo o, m\u00e1s directamente, manejo de la brecha v\u00eda intervenci\u00f3n. Lo ideal habr\u00eda sido que, ya asegur\u00e1ndose de que el Tesoro paga la deuda, hubieran ido a m\u00e1s la gesti\u00f3n monetaria con tasa, pero no hicieron eso\u201d, indic\u00f3 Gabriel Caama\u00f1o, socio de Outlier, en declaraciones a TN.<\/p>\n\n\n\n<p>\u201cCon un d\u00f3lar que est\u00e1 subiendo,&nbsp;uno podr\u00eda presuponer que uno de los primeros movimientos, una vez que se haga el traslado de los pases a las LEFI, es que se suba la tasa, \u00bfno? Ahora, bien, por otro lado, el Gobierno sigue repitiendo una y mil veces que lo que quiere es la convergencia de todas las&nbsp;variables al nivel del 2%, o sea que la tasa, la inflaci\u00f3n y el crawling converjan. Entonces eso te hace pensar que&nbsp;probablemente al final no terminen subiendo la tasa porque est\u00e1n jugados a esa convergencia&nbsp;para despu\u00e9s, por ejemplo,&nbsp;levantar el cepo. O sea, la prudencia marca que ser\u00eda interesante subir la tasa en este momento, pero el Gobierno ha dado se\u00f1ales en sentido contrario\u201d, se\u00f1al\u00f3 el analista financiero Christian Buteler a La Naci\u00f3n.<\/p>\n\n\n\n<p>\u201cCon los \u00faltimos anuncios, la prioridad pas\u00f3 a ser la reducci\u00f3n de la brecha, bajo una premisa indirecta: si la brecha aumenta, eso acelera los precios,&nbsp;desestabiliza el esquema macroecon\u00f3mico propuesto por el Gobierno y&nbsp;genera&nbsp;expectativas de devaluaci\u00f3n&nbsp;que juegan en contra del levantamiento del cepo cambiario\u201d, se\u00f1al\u00f3 por su parte el economista de Epyca, Mart\u00edn Kalos.<\/p>\n\n\n\n<p>Y agreg\u00f3: \u201cSupongo que esto se hace a la espera de&nbsp;otras novedades&nbsp;que, si bien no conocemos, deber\u00edan ir por el lado de otras formas para acumular reservas: ya sea una&nbsp;mayor liquidaci\u00f3n, inversiones a trav\u00e9s del RIGI o cr\u00e9ditos internacionales&nbsp;que todav\u00eda no llegaron. Todo eso, por ahora, no sabemos si va a ocurrir y en qu\u00e9 magnitud\u201d.<\/p>\n","protected":false},"excerpt":{"rendered":"<p>Comienza a operar la letra fiscal de liquidez (LEFI) emitida por el Tesoro que apunta a reemplazar a los pases pasivos del Banco Central. Expectativa por la tasa de inter\u00e9s. Desde este lunes arranca la&nbsp;segunda fase del plan econ\u00f3mico impulsado por Javier Milei&nbsp;y&nbsp;debutan las&nbsp;Letras Fiscales de Liquidez (LEFI). El foco estar\u00e1 puesto en la \u201cemisi\u00f3n [&hellip;]<\/p>\n","protected":false},"author":2,"featured_media":8564,"comment_status":"open","ping_status":"open","sticky":false,"template":"","format":"standard","meta":{"footnotes":""},"categories":[22],"tags":[],"_links":{"self":[{"href":"https:\/\/enlamira.info\/index.php\/wp-json\/wp\/v2\/posts\/8562"}],"collection":[{"href":"https:\/\/enlamira.info\/index.php\/wp-json\/wp\/v2\/posts"}],"about":[{"href":"https:\/\/enlamira.info\/index.php\/wp-json\/wp\/v2\/types\/post"}],"author":[{"embeddable":true,"href":"https:\/\/enlamira.info\/index.php\/wp-json\/wp\/v2\/users\/2"}],"replies":[{"embeddable":true,"href":"https:\/\/enlamira.info\/index.php\/wp-json\/wp\/v2\/comments?post=8562"}],"version-history":[{"count":2,"href":"https:\/\/enlamira.info\/index.php\/wp-json\/wp\/v2\/posts\/8562\/revisions"}],"predecessor-version":[{"id":8578,"href":"https:\/\/enlamira.info\/index.php\/wp-json\/wp\/v2\/posts\/8562\/revisions\/8578"}],"wp:featuredmedia":[{"embeddable":true,"href":"https:\/\/enlamira.info\/index.php\/wp-json\/wp\/v2\/media\/8564"}],"wp:attachment":[{"href":"https:\/\/enlamira.info\/index.php\/wp-json\/wp\/v2\/media?parent=8562"}],"wp:term":[{"taxonomy":"category","embeddable":true,"href":"https:\/\/enlamira.info\/index.php\/wp-json\/wp\/v2\/categories?post=8562"},{"taxonomy":"post_tag","embeddable":true,"href":"https:\/\/enlamira.info\/index.php\/wp-json\/wp\/v2\/tags?post=8562"}],"curies":[{"name":"wp","href":"https:\/\/api.w.org\/{rel}","templated":true}]}}