{"id":8559,"date":"2024-07-22T14:51:01","date_gmt":"2024-07-22T17:51:01","guid":{"rendered":"https:\/\/enlamira.info\/?p=8559"},"modified":"2024-07-22T15:01:16","modified_gmt":"2024-07-22T18:01:16","slug":"jorge-macri-sobre-la-coparticipacion-de-la-ciudad-hasta-aca-aguantamos-nosotros","status":"publish","type":"post","link":"https:\/\/enlamira.info\/index.php\/2024\/07\/22\/jorge-macri-sobre-la-coparticipacion-de-la-ciudad-hasta-aca-aguantamos-nosotros\/","title":{"rendered":"Jorge Macri sobre la coparticipaci\u00f3n de la Ciudad: \u201cHasta ac\u00e1 aguantamos nosotros\u201d"},"content":{"rendered":"\n<p>El jefe de Gobierno porte\u00f1o dio detalles del encuentro que mantuvo con el ministro de Econom\u00eda, Luis Caputo, por la coparticipaci\u00f3n, \u201cFue una reuni\u00f3n tensa y dif\u00edcil\u201d, se\u00f1al\u00f3.<\/p>\n\n\n\n<p>Luego de que el viernes la Ciudad de Buenos Aires\u00a0mantuviera un encuentro por la coparticipaci\u00f3n con el ministro de Econom\u00eda, Luis Caputo, el jefe de Gobierno porte\u00f1o,\u00a0Jorge Macri, detall\u00f3 que fue \u201cuna reuni\u00f3n tensa y dif\u00edcil\u201d.<\/p>\n\n\n\n<p>En el encuentro se acord\u00f3 que\u00a0desde el 1 de agosto Naci\u00f3n le pague a la Ciudad de Buenos Aires el 2,95 por ciento en lugar del 1,4\u00a0por coparticipaci\u00f3n.<\/p>\n\n\n\n<p>\u201cLa primera postura del ministro no fue cumplir todo el fallo. El dijo \u2018mir\u00e1, yo puedo acomodarme dentro de estos recursos\u2019. Y yo le dije que\u00a0\u2018hasta ac\u00e1 aguantamos nosotros, ahora pedile a otro que aguante porque la Ciudad no puede seguir haciendo este esfuerzo\u2019. Y acordamos este mecanismo de empezar el 1\u00ba de agosto\u201d, se\u00f1al\u00f3 Macri a LN+<\/p>\n\n\n\n<p>Respecto del acuerdo, el alcalde indic\u00f3 que\u00a0\u201cfue un rubic\u00f3n, un punto de quiebre, un desaf\u00edo y creo que lo administramos bien\u201d, y agreg\u00f3: \u201cLa Ciudad hizo un esfuerzo grande durante seis meses.\u00a0Le dimos tiempo al Gobierno de que se acomodara.\u00a0Mantuvimos vivo el reclamo de que se implemente el fallo. Y\u00a0vamos a ir a la Corte con una postura de acuerdo, ese es el objetivo que tenemos.\u00a0Por ahora dimos un gran paso que es empezar a cumplir el fallo\u201d.<\/p>\n\n\n\n<p>En tanto, sobre el proceso legal explic\u00f3: \u201cYo nunca evalu\u00e9 hacer una demanda penal porque la postura de este Gobierno fue diferente al anterior, que fue delictiva y nos sacaron los recursos con una excusa falsa. Ac\u00e1 nos dijeron\u00a0\u2018te voy a pagar, pero dame tiempo porque necesito plazos porque no tengo plata\u2019. Y cumplieron\u201c.<\/p>\n","protected":false},"excerpt":{"rendered":"<p>El jefe de Gobierno porte\u00f1o dio detalles del encuentro que mantuvo con el ministro de Econom\u00eda, Luis Caputo, por la coparticipaci\u00f3n, \u201cFue una reuni\u00f3n tensa y dif\u00edcil\u201d, se\u00f1al\u00f3. Luego de que el viernes la Ciudad de Buenos Aires\u00a0mantuviera un encuentro por la coparticipaci\u00f3n con el ministro de Econom\u00eda, Luis Caputo, el jefe de Gobierno porte\u00f1o,\u00a0Jorge [&hellip;]<\/p>\n","protected":false},"author":2,"featured_media":8561,"comment_status":"open","ping_status":"open","sticky":false,"template":"","format":"standard","meta":{"footnotes":""},"categories":[20],"tags":[],"_links":{"self":[{"href":"https:\/\/enlamira.info\/index.php\/wp-json\/wp\/v2\/posts\/8559"}],"collection":[{"href":"https:\/\/enlamira.info\/index.php\/wp-json\/wp\/v2\/posts"}],"about":[{"href":"https:\/\/enlamira.info\/index.php\/wp-json\/wp\/v2\/types\/post"}],"author":[{"embeddable":true,"href":"https:\/\/enlamira.info\/index.php\/wp-json\/wp\/v2\/users\/2"}],"replies":[{"embeddable":true,"href":"https:\/\/enlamira.info\/index.php\/wp-json\/wp\/v2\/comments?post=8559"}],"version-history":[{"count":1,"href":"https:\/\/enlamira.info\/index.php\/wp-json\/wp\/v2\/posts\/8559\/revisions"}],"predecessor-version":[{"id":8560,"href":"https:\/\/enlamira.info\/index.php\/wp-json\/wp\/v2\/posts\/8559\/revisions\/8560"}],"wp:featuredmedia":[{"embeddable":true,"href":"https:\/\/enlamira.info\/index.php\/wp-json\/wp\/v2\/media\/8561"}],"wp:attachment":[{"href":"https:\/\/enlamira.info\/index.php\/wp-json\/wp\/v2\/media?parent=8559"}],"wp:term":[{"taxonomy":"category","embeddable":true,"href":"https:\/\/enlamira.info\/index.php\/wp-json\/wp\/v2\/categories?post=8559"},{"taxonomy":"post_tag","embeddable":true,"href":"https:\/\/enlamira.info\/index.php\/wp-json\/wp\/v2\/tags?post=8559"}],"curies":[{"name":"wp","href":"https:\/\/api.w.org\/{rel}","templated":true}]}}