{"id":851,"date":"2024-03-12T15:20:25","date_gmt":"2024-03-12T18:20:25","guid":{"rendered":"https:\/\/enlamira.info\/?p=851"},"modified":"2024-03-12T16:08:50","modified_gmt":"2024-03-12T19:08:50","slug":"rodrigo-de-paul-y-un-mensaje-para-mascherano-me-gustaria-ir-a-los-juegos-olimpicos","status":"publish","type":"post","link":"https:\/\/enlamira.info\/index.php\/2024\/03\/12\/rodrigo-de-paul-y-un-mensaje-para-mascherano-me-gustaria-ir-a-los-juegos-olimpicos\/","title":{"rendered":"Rodrigo De Paul y un mensaje para Mascherano: \u201cMe gustar\u00eda ir a los Juegos Ol\u00edmpicos\u201d"},"content":{"rendered":"\n<p>El mediocampista del Atl\u00e9tico de Madrid es otro de los candidatos a ser citado por el Jefecito<\/p>\n\n\n\n<p>Despu\u00e9s de que la\u00a0Selecci\u00f3n Argentina Sub-23\u00a0haya conseguido la clasificaci\u00f3n a los\u00a0Juegos\u00a0Ol\u00edmpicos\u00a0de Par\u00eds\u00a02024\u00a0bajo la conducci\u00f3n de\u00a0Javier\u00a0Mascherano, se encendi\u00f3 la ilusi\u00f3n de que tanto\u00a0Lionel\u00a0Messi\u00a0como\u00a0\u00c1ngel\u00a0Di\u00a0Mar\u00eda\u00a0puedan sumarse a la n\u00f3mina para dicha competencia.<\/p>\n\n\n\n<p>Esto se debe a que el reglamento permite la inclusi\u00f3n de algunos futbolistas mayores de 23 a\u00f1os, pero, de todas maneras, el Fideo descart\u00f3 la posibilidad de ser inclu\u00eddo, ya que prefiere dejarle el lugar a los juveniles.<\/p>\n\n\n\n<p>Otro que tambi\u00e9n fue muy pedido por los hinchas, como no pod\u00eda ser de otra manera, es\u00a0Emiliano\u00a0Mart\u00ednez, pero todav\u00eda ninguno confirm\u00f3 su asistencia en la cita ol\u00edmpica.<\/p>\n\n\n\n<p>El que s\u00ed se postul\u00f3 para jugar es Rodrigo De Paul, quien, en di\u00e1logo con Rumis, confes\u00f3 que tiene ganas de formar parte de la n\u00f3mina de Mascherano.<\/p>\n\n\n\n<p>\u201cMe gustar\u00eda jugar los Juegos Ol\u00edmpicos. Estoy dispuesto, pero no depende de m\u00ed porque no es competencia FIFA y los clubes no est\u00e1n obligados a prestarnos. Mascherano sabe que puede contar conmigo, ser\u00eda un sue\u00f1o defender a la Selecci\u00f3n en todo lo que compita\u201d, explic\u00f3.<\/p>\n\n\n\n<figure class=\"wp-block-embed is-type-rich is-provider-twitter wp-block-embed-twitter\"><div class=\"wp-block-embed__wrapper\">\n<blockquote class=\"twitter-tweet\" data-width=\"550\" data-dnt=\"true\"><p lang=\"es\" dir=\"ltr\">\ud83c\udde6\ud83c\uddf7\ud83d\udde3\ufe0f \u201cME ENCANTAR\u00cdA IR A LOS JJOO\u201d<br><br>De Paul expres\u00f3 que le gustar\u00eda formar parte del plantel argentino en Paris pero es dif\u00edcil que el Atl\u00e9tico Madrid lo ceda: \u201clos Juegos Ol\u00edmpicos pertenecen a FIFA y los clubes no tienen la obligaci\u00f3n de prestarte\u201d <br><br>\ud83d\udcf9 YT\/ Rumis <a href=\"https:\/\/t.co\/5iIlO9h7Ed\">pic.twitter.com\/5iIlO9h7Ed<\/a><\/p>&mdash; Diario Ol\u00e9 (@DiarioOle) <a href=\"https:\/\/twitter.com\/DiarioOle\/status\/1767345210562896176?ref_src=twsrc%5Etfw\">March 12, 2024<\/a><\/blockquote><script async src=\"https:\/\/platform.twitter.com\/widgets.js\" charset=\"utf-8\"><\/script>\n<\/div><\/figure>\n","protected":false},"excerpt":{"rendered":"<p>El mediocampista del Atl\u00e9tico de Madrid es otro de los candidatos a ser citado por el Jefecito Despu\u00e9s de que la\u00a0Selecci\u00f3n Argentina Sub-23\u00a0haya conseguido la clasificaci\u00f3n a los\u00a0Juegos\u00a0Ol\u00edmpicos\u00a0de Par\u00eds\u00a02024\u00a0bajo la conducci\u00f3n de\u00a0Javier\u00a0Mascherano, se encendi\u00f3 la ilusi\u00f3n de que tanto\u00a0Lionel\u00a0Messi\u00a0como\u00a0\u00c1ngel\u00a0Di\u00a0Mar\u00eda\u00a0puedan sumarse a la n\u00f3mina para dicha competencia. Esto se debe a que el reglamento permite la [&hellip;]<\/p>\n","protected":false},"author":2,"featured_media":853,"comment_status":"open","ping_status":"open","sticky":false,"template":"","format":"standard","meta":{"footnotes":""},"categories":[14],"tags":[],"_links":{"self":[{"href":"https:\/\/enlamira.info\/index.php\/wp-json\/wp\/v2\/posts\/851"}],"collection":[{"href":"https:\/\/enlamira.info\/index.php\/wp-json\/wp\/v2\/posts"}],"about":[{"href":"https:\/\/enlamira.info\/index.php\/wp-json\/wp\/v2\/types\/post"}],"author":[{"embeddable":true,"href":"https:\/\/enlamira.info\/index.php\/wp-json\/wp\/v2\/users\/2"}],"replies":[{"embeddable":true,"href":"https:\/\/enlamira.info\/index.php\/wp-json\/wp\/v2\/comments?post=851"}],"version-history":[{"count":2,"href":"https:\/\/enlamira.info\/index.php\/wp-json\/wp\/v2\/posts\/851\/revisions"}],"predecessor-version":[{"id":855,"href":"https:\/\/enlamira.info\/index.php\/wp-json\/wp\/v2\/posts\/851\/revisions\/855"}],"wp:featuredmedia":[{"embeddable":true,"href":"https:\/\/enlamira.info\/index.php\/wp-json\/wp\/v2\/media\/853"}],"wp:attachment":[{"href":"https:\/\/enlamira.info\/index.php\/wp-json\/wp\/v2\/media?parent=851"}],"wp:term":[{"taxonomy":"category","embeddable":true,"href":"https:\/\/enlamira.info\/index.php\/wp-json\/wp\/v2\/categories?post=851"},{"taxonomy":"post_tag","embeddable":true,"href":"https:\/\/enlamira.info\/index.php\/wp-json\/wp\/v2\/tags?post=851"}],"curies":[{"name":"wp","href":"https:\/\/api.w.org\/{rel}","templated":true}]}}