{"id":8507,"date":"2024-07-22T05:34:10","date_gmt":"2024-07-22T08:34:10","guid":{"rendered":"https:\/\/enlamira.info\/?p=8507"},"modified":"2024-07-22T05:40:24","modified_gmt":"2024-07-22T08:40:24","slug":"netanyahu-le-agradecio-a-milei-por-declarar-a-hamas-como-una-organizacion-terrorista","status":"publish","type":"post","link":"https:\/\/enlamira.info\/index.php\/2024\/07\/22\/netanyahu-le-agradecio-a-milei-por-declarar-a-hamas-como-una-organizacion-terrorista\/","title":{"rendered":"Netanyahu le agradeci\u00f3 a Milei por declarar a Hamas como una organizaci\u00f3n terrorista"},"content":{"rendered":"\n<p>El primer ministro destac\u00f3 que la decisi\u00f3n del Gobierno argentino es \u201cotra se\u00f1al de amistad hacia Israel\u201d.<\/p>\n\n\n\n<p>El primer ministro de Israel, Benjamin Netanyahu, expres\u00f3 su agradecimiento al presidente Javier Milei por la reciente decisi\u00f3n de declarar a Hamas como una organizaci\u00f3n terrorista. En un video publicado en su cuenta de X, Netanyahu manifest\u00f3: \u201cGracias Argentina, gracias presidente Javier Milei por designar a Hamas como organizaci\u00f3n terrorista\u201d.<\/p>\n\n\n\n<p>El primer ministro destac\u00f3 que esta medida es \u201cotra se\u00f1al de amistad hacia Israel y de compromiso con la verdad\u201d, especialmente significativo en el marco del 30\u00b0 aniversario del atentado a la AMIA del 18 de julio de 1994.<\/p>\n\n\n\n<p>Este gesto de Netanyahu se suma al del presidente de Israel, Isaac Herzog, quien tambi\u00e9n elogi\u00f3 la decisi\u00f3n del mandatario argentino. Herzog agradeci\u00f3 a Milei \u201cpor solidarizarse con el pueblo israel\u00ed\u201d en su lucha contra \u201cla amenaza del terrorismo y el odio\u201d. Adem\u00e1s, resalt\u00f3 la importancia de buscar justicia para las v\u00edctimas del atentado y sus familias, y de llevar a los responsables ante la justicia.El Gobierno argentino incluy\u00f3 a Hamas en el Registro P\u00fablico de Personas y Entidades vinculadas a actos de terrorismo, bajo el nombre de Movimiento de Resistencia Isl\u00e1mico (Harakat al-Muqawama al-Islamiya). Esta lista es elaborada conjuntamente por el Ministerio de Justicia, la Canciller\u00eda y el Ministerio de Seguridad de la Naci\u00f3n. <\/p>\n\n\n\n<p>La Oficina del Presidente inform\u00f3 en un comunicado que \u201cHAMAS ha sido declarado por el Estado Argentino como organizaci\u00f3n terrorista internacional\u201d, y subray\u00f3 el compromiso del presidente Milei de \u201creconocer a los terroristas por lo que son\u201d.<\/p>\n\n\n\n<p>Adicionalmente, el Gobierno argentino est\u00e1 impulsando un proyecto de ley para permitir el juicio en ausencia de los iran\u00edes y libaneses pr\u00f3fugos por el atentado a la AMIA. Los ministros Patricia Bullrich (Seguridad) y Mariano C\u00faneo Libarona (Justicia) explicaron que esta herramienta legal permitir\u00e1 condenar a los responsables del atentado, quienes actualmente no pueden ser juzgados debido a su ausencia.<\/p>\n\n\n\n<p>C\u00faneo Libarona afirm\u00f3: \u201cVamos a promover este debate al Congreso, con nuevas fuerzas, con la Constituci\u00f3n y la ley en la mano\u201d. Bullrich a\u00f1adi\u00f3: \u201cEsta ley termina con la impunidad\u201d y subray\u00f3 la importancia de esta medida en la lucha contra el terrorismo y otros cr\u00edmenes graves.<\/p>\n","protected":false},"excerpt":{"rendered":"<p>El primer ministro destac\u00f3 que la decisi\u00f3n del Gobierno argentino es \u201cotra se\u00f1al de amistad hacia Israel\u201d. El primer ministro de Israel, Benjamin Netanyahu, expres\u00f3 su agradecimiento al presidente Javier Milei por la reciente decisi\u00f3n de declarar a Hamas como una organizaci\u00f3n terrorista. En un video publicado en su cuenta de X, Netanyahu manifest\u00f3: \u201cGracias [&hellip;]<\/p>\n","protected":false},"author":2,"featured_media":8509,"comment_status":"open","ping_status":"open","sticky":false,"template":"","format":"standard","meta":{"footnotes":""},"categories":[20],"tags":[],"_links":{"self":[{"href":"https:\/\/enlamira.info\/index.php\/wp-json\/wp\/v2\/posts\/8507"}],"collection":[{"href":"https:\/\/enlamira.info\/index.php\/wp-json\/wp\/v2\/posts"}],"about":[{"href":"https:\/\/enlamira.info\/index.php\/wp-json\/wp\/v2\/types\/post"}],"author":[{"embeddable":true,"href":"https:\/\/enlamira.info\/index.php\/wp-json\/wp\/v2\/users\/2"}],"replies":[{"embeddable":true,"href":"https:\/\/enlamira.info\/index.php\/wp-json\/wp\/v2\/comments?post=8507"}],"version-history":[{"count":1,"href":"https:\/\/enlamira.info\/index.php\/wp-json\/wp\/v2\/posts\/8507\/revisions"}],"predecessor-version":[{"id":8508,"href":"https:\/\/enlamira.info\/index.php\/wp-json\/wp\/v2\/posts\/8507\/revisions\/8508"}],"wp:featuredmedia":[{"embeddable":true,"href":"https:\/\/enlamira.info\/index.php\/wp-json\/wp\/v2\/media\/8509"}],"wp:attachment":[{"href":"https:\/\/enlamira.info\/index.php\/wp-json\/wp\/v2\/media?parent=8507"}],"wp:term":[{"taxonomy":"category","embeddable":true,"href":"https:\/\/enlamira.info\/index.php\/wp-json\/wp\/v2\/categories?post=8507"},{"taxonomy":"post_tag","embeddable":true,"href":"https:\/\/enlamira.info\/index.php\/wp-json\/wp\/v2\/tags?post=8507"}],"curies":[{"name":"wp","href":"https:\/\/api.w.org\/{rel}","templated":true}]}}