{"id":8504,"date":"2024-07-22T05:32:26","date_gmt":"2024-07-22T08:32:26","guid":{"rendered":"https:\/\/enlamira.info\/?p=8504"},"modified":"2024-07-22T05:40:33","modified_gmt":"2024-07-22T08:40:33","slug":"el-enojo-entre-milei-y-villarruel-un-tuit-messi-y-una-crisis-diplomatica","status":"publish","type":"post","link":"https:\/\/enlamira.info\/index.php\/2024\/07\/22\/el-enojo-entre-milei-y-villarruel-un-tuit-messi-y-una-crisis-diplomatica\/","title":{"rendered":"El enojo entre Milei y Villarruel: un tuit, Messi y una crisis diplom\u00e1tica"},"content":{"rendered":"\n<p>Un comentario de la vicepresidenta sobre el colonialismo franc\u00e9s desat\u00f3 la furia del primer mandatario. El presidente intentaba mediar para evitar una sanci\u00f3n a Enzo Fern\u00e1ndez por cantos racistas en la Selecci\u00f3n.<\/p>\n\n\n\n<p>\u201c\u00bfC\u00f3mo no voy a estar furioso? \u00a1Estoy recontra caliente! Arruin\u00f3 todo. Meti\u00f3 a la pol\u00edtica en el medio, gener\u00f3 un problema diplom\u00e1tico y expuso al pibe\u201d. As\u00ed, Javier Milei expres\u00f3 su enojo tras el tuit de Victoria Villarruel, quien calific\u00f3 a Francia como \u201cpa\u00eds colonialista\u201d y asegur\u00f3 que Argentina no se dejar\u00eda \u201camedrentar por una canci\u00f3n de cancha\u201d.<\/p>\n\n\n\n<p>El comentario de la vicepresidenta no solo gener\u00f3 tensiones diplom\u00e1ticas, sino que tambi\u00e9n complic\u00f3 una gesti\u00f3n secreta del Gobierno para ayudar a Enzo Fern\u00e1ndez, volante del Chelsea, a evitar una sanci\u00f3n por entonar un canto xen\u00f3fobo durante un festejo.<\/p>\n\n\n\n<p>En una entrevista con Alejandro Fantino en Neura, Milei no ocult\u00f3 su descontento, criticando que el tuit de Villarruel haya mezclado deporte con pol\u00edtica, creando un conflicto innecesario. \u201cNo se puede por una cuesti\u00f3n deportiva generar un quilombo institucional y diplom\u00e1tico\u201d, afirm\u00f3 el presidente, subrayando que el tema ya se hab\u00eda resuelto gracias a la intervenci\u00f3n de su hermana, Karina Milei.<\/p>\n\n\n\n<p>Sin embargo, el da\u00f1o a la estrategia del Presidente ya estaba hecho. Seg\u00fan revelaron fuentes cercanas al presidente al periodista Ignacio Ortelli de Clar\u00edn, el plan original inclu\u00eda gestiones para evitar una sanci\u00f3n a Enzo Fern\u00e1ndez, utilizando la buena relaci\u00f3n de Milei con el presidente de la FIFA, Gianni Infantino. La gesti\u00f3n se complic\u00f3 cuando Villarruel hizo su comentario, afectando la posibilidad de una soluci\u00f3n discreta.<\/p>\n\n\n\n<p>Antes de esta controversia, Milei hab\u00eda intentado contactar a Lionel Messi, capit\u00e1n de la Selecci\u00f3n, a trav\u00e9s de un amigo en com\u00fan, ofreciendo su apoyo para lo que el equipo necesitara. La relaci\u00f3n con la Selecci\u00f3n se hab\u00eda tensado despu\u00e9s de que el subsecretario de Deportes, Julio Garro, sugiriera que el equipo deb\u00eda disculparse por los cantos racistas, una recomendaci\u00f3n que Milei desautoriz\u00f3, resultando en la renuncia de Garro.<\/p>\n\n\n\n<p>La publicaci\u00f3n de Villarruel tambi\u00e9n expuso las diferencias dentro del gabinete de Milei. Fuentes del Gobierno se\u00f1alaron que la canciller Diana Mondino no estaba al tanto de la gesti\u00f3n de Karina Milei en la embajada francesa, reflejando la falta de comunicaci\u00f3n interna.<\/p>\n\n\n\n<p>El tuit de Villarruel y sus repercusiones han dejado claro el impacto de las declaraciones impulsivas en la diplomacia y la pol\u00edtica deportiva. Aunque Milei intent\u00f3 minimizar el conflicto en p\u00fablico, la situaci\u00f3n revel\u00f3 tensiones subyacentes en su administraci\u00f3n y la importancia de una comunicaci\u00f3n coordinada en temas delicados.<\/p>\n","protected":false},"excerpt":{"rendered":"<p>Un comentario de la vicepresidenta sobre el colonialismo franc\u00e9s desat\u00f3 la furia del primer mandatario. El presidente intentaba mediar para evitar una sanci\u00f3n a Enzo Fern\u00e1ndez por cantos racistas en la Selecci\u00f3n. \u201c\u00bfC\u00f3mo no voy a estar furioso? \u00a1Estoy recontra caliente! Arruin\u00f3 todo. Meti\u00f3 a la pol\u00edtica en el medio, gener\u00f3 un problema diplom\u00e1tico y [&hellip;]<\/p>\n","protected":false},"author":2,"featured_media":8506,"comment_status":"open","ping_status":"open","sticky":false,"template":"","format":"standard","meta":{"footnotes":""},"categories":[20],"tags":[],"_links":{"self":[{"href":"https:\/\/enlamira.info\/index.php\/wp-json\/wp\/v2\/posts\/8504"}],"collection":[{"href":"https:\/\/enlamira.info\/index.php\/wp-json\/wp\/v2\/posts"}],"about":[{"href":"https:\/\/enlamira.info\/index.php\/wp-json\/wp\/v2\/types\/post"}],"author":[{"embeddable":true,"href":"https:\/\/enlamira.info\/index.php\/wp-json\/wp\/v2\/users\/2"}],"replies":[{"embeddable":true,"href":"https:\/\/enlamira.info\/index.php\/wp-json\/wp\/v2\/comments?post=8504"}],"version-history":[{"count":1,"href":"https:\/\/enlamira.info\/index.php\/wp-json\/wp\/v2\/posts\/8504\/revisions"}],"predecessor-version":[{"id":8505,"href":"https:\/\/enlamira.info\/index.php\/wp-json\/wp\/v2\/posts\/8504\/revisions\/8505"}],"wp:featuredmedia":[{"embeddable":true,"href":"https:\/\/enlamira.info\/index.php\/wp-json\/wp\/v2\/media\/8506"}],"wp:attachment":[{"href":"https:\/\/enlamira.info\/index.php\/wp-json\/wp\/v2\/media?parent=8504"}],"wp:term":[{"taxonomy":"category","embeddable":true,"href":"https:\/\/enlamira.info\/index.php\/wp-json\/wp\/v2\/categories?post=8504"},{"taxonomy":"post_tag","embeddable":true,"href":"https:\/\/enlamira.info\/index.php\/wp-json\/wp\/v2\/tags?post=8504"}],"curies":[{"name":"wp","href":"https:\/\/api.w.org\/{rel}","templated":true}]}}