{"id":8483,"date":"2024-07-22T05:19:07","date_gmt":"2024-07-22T08:19:07","guid":{"rendered":"https:\/\/enlamira.info\/?p=8483"},"modified":"2024-07-22T05:41:58","modified_gmt":"2024-07-22T08:41:58","slug":"el-gobierno-propuso-aumentar-la-edad-jubilatoria-de-las-mujeres-y-reformar-la-ley-de-contrato-de-trabajo","status":"publish","type":"post","link":"https:\/\/enlamira.info\/index.php\/2024\/07\/22\/el-gobierno-propuso-aumentar-la-edad-jubilatoria-de-las-mujeres-y-reformar-la-ley-de-contrato-de-trabajo\/","title":{"rendered":"El Gobierno propuso aumentar la edad jubilatoria de las mujeres y reformar la Ley de Contrato de Trabajo"},"content":{"rendered":"\n<p>El Ejecutivo asegura que el sistema previsional actual es insostenible y busca aumentar la formalidad laboral para garantizar m\u00e1s aportes.<\/p>\n\n\n\n<p>El Gobierno anunci\u00f3 su intenci\u00f3n de modificar la Ley de Contrato de Trabajo (20.744) y aumentar la edad jubilatoria de las mujeres. Esta medida forma parte de una reforma laboral m\u00e1s amplia y una reestructuraci\u00f3n del sistema previsional que el Ejecutivo planea implementar.Estas propuestas ser\u00e1n discutidas en el Consejo de Mayo, recientemente creado por decreto y presidido por el jefe de gabinete, Guillermo Francos. El oficialismo busca incluir en este consejo a representantes de la C\u00e1mara de Diputados, el Senado, la CGT y el Grupo de los Seis.La mesa chica de Balcarce 50 sostiene que el sistema previsional actual no es sostenible, argumentando que la estructura de la recaudaci\u00f3n necesita cambios. Su objetivo es reducir el n\u00famero de jubilados y aumentar la formalidad laboral para incrementar los aportes al sistema.<\/p>\n\n\n\n<p>\u201cAfecta bastante a las cuentas que las mujeres se jubilen a los 60. Es una cuenta que qued\u00f3 vieja porque hoy la gente vive hasta los 90 a\u00f1os y representa un gasto m\u00e1s grande que hace treinta a\u00f1os. Nuestro ideal es unificar la edad jubilatoria de las mujeres y de los hombres a los 75 a\u00f1os\u201d, expres\u00f3 a TN un funcionario cercano al presidente.Adem\u00e1s, la mesa t\u00e9cnica del Ejecutivo propone la opci\u00f3n de un sistema jubilatorio privado, similar al de las Administradoras de Fondos de Jubilaciones y Pensiones (AFJP).El Gobierno hab\u00eda incluido esta reforma en los puntos del Pacto de Mayo, inicialmente previsto para el 25 de mayo, pero lo modific\u00f3 para el 9 de julio. En la apertura de sesiones ordinarias en marzo, el presidente Milei ya hab\u00eda hablado de modificaciones previsionales que permitan \u201csuscribirse a un sistema privado de jubilaci\u00f3n\u201d.<\/p>\n\n\n\n<p>Finalmente, el punto 9 del plan incluye una \u201creforma previsional que le d\u00e9 sostenibilidad al sistema y respete a quienes aportaron\u201d. Sin embargo, el oficialismo no ha logrado que el Senado apruebe todos los art\u00edculos que modifican el r\u00e9gimen jubilatorio.En Casa Rosada est\u00e1n enfocados en la reducci\u00f3n del financiamiento de la Administraci\u00f3n Nacional de la Seguridad Social (ANSES) que significar\u00eda la reforma, reconociendo la necesidad de aumentar los apoyos legislativos para impulsarla.<\/p>\n\n\n\n<p>El Gobierno tambi\u00e9n busca avanzar con una reforma laboral ampliada que modifique la Ley de Contrato de Trabajo (20.744) e incluya puntos del DNU 70\/2023 que fueron invalidados por la Justicia laboral y no fueron incluidos en la Ley Bases sancionada a fines de junio.Entre las propuestas se encuentran la optatividad del pago de la cuota solidaria de los sindicatos, la prohibici\u00f3n de bloqueos sindicales a empresas y la aplicaci\u00f3n de convenios espec\u00edficos para colectivos. Adem\u00e1s, se incluye la limitaci\u00f3n del derecho a huelga y la declaraci\u00f3n de la educaci\u00f3n como servicio esencial.\u201cQueremos establecer un sistema de acuerdo entre privados en el que no se meta ninguna tercera parte. La idea tambi\u00e9n es que haya m\u00e1s gente en blanco, lo que tambi\u00e9n le conviene a los sindicatos\u201d, expres\u00f3 a TN un funcionario.La Casa Rosada busca establecer un di\u00e1logo m\u00e1s fluido con la Confederaci\u00f3n General del Trabajo (CGT) a trav\u00e9s del secretario de Trabajo, Julio Cordero. Sin embargo, la restituci\u00f3n de la cuarta categor\u00eda del Impuesto a las Ganancias ha elevado las tensiones entre ambas partes<\/p>\n","protected":false},"excerpt":{"rendered":"<p>El Ejecutivo asegura que el sistema previsional actual es insostenible y busca aumentar la formalidad laboral para garantizar m\u00e1s aportes. El Gobierno anunci\u00f3 su intenci\u00f3n de modificar la Ley de Contrato de Trabajo (20.744) y aumentar la edad jubilatoria de las mujeres. Esta medida forma parte de una reforma laboral m\u00e1s amplia y una reestructuraci\u00f3n [&hellip;]<\/p>\n","protected":false},"author":2,"featured_media":8485,"comment_status":"open","ping_status":"open","sticky":false,"template":"","format":"standard","meta":{"footnotes":""},"categories":[20],"tags":[],"_links":{"self":[{"href":"https:\/\/enlamira.info\/index.php\/wp-json\/wp\/v2\/posts\/8483"}],"collection":[{"href":"https:\/\/enlamira.info\/index.php\/wp-json\/wp\/v2\/posts"}],"about":[{"href":"https:\/\/enlamira.info\/index.php\/wp-json\/wp\/v2\/types\/post"}],"author":[{"embeddable":true,"href":"https:\/\/enlamira.info\/index.php\/wp-json\/wp\/v2\/users\/2"}],"replies":[{"embeddable":true,"href":"https:\/\/enlamira.info\/index.php\/wp-json\/wp\/v2\/comments?post=8483"}],"version-history":[{"count":1,"href":"https:\/\/enlamira.info\/index.php\/wp-json\/wp\/v2\/posts\/8483\/revisions"}],"predecessor-version":[{"id":8484,"href":"https:\/\/enlamira.info\/index.php\/wp-json\/wp\/v2\/posts\/8483\/revisions\/8484"}],"wp:featuredmedia":[{"embeddable":true,"href":"https:\/\/enlamira.info\/index.php\/wp-json\/wp\/v2\/media\/8485"}],"wp:attachment":[{"href":"https:\/\/enlamira.info\/index.php\/wp-json\/wp\/v2\/media?parent=8483"}],"wp:term":[{"taxonomy":"category","embeddable":true,"href":"https:\/\/enlamira.info\/index.php\/wp-json\/wp\/v2\/categories?post=8483"},{"taxonomy":"post_tag","embeddable":true,"href":"https:\/\/enlamira.info\/index.php\/wp-json\/wp\/v2\/tags?post=8483"}],"curies":[{"name":"wp","href":"https:\/\/api.w.org\/{rel}","templated":true}]}}