{"id":8474,"date":"2024-07-22T05:14:57","date_gmt":"2024-07-22T08:14:57","guid":{"rendered":"https:\/\/enlamira.info\/?p=8474"},"modified":"2024-07-22T05:42:15","modified_gmt":"2024-07-22T08:42:15","slug":"javier-milei-arremetio-nuevamente-contra-marcelo-longobardi-tras-la-renuncia-de-joe-biden","status":"publish","type":"post","link":"https:\/\/enlamira.info\/index.php\/2024\/07\/22\/javier-milei-arremetio-nuevamente-contra-marcelo-longobardi-tras-la-renuncia-de-joe-biden\/","title":{"rendered":"Javier Milei arremeti\u00f3 nuevamente contra Marcelo Longobardi tras la renuncia de Joe Biden"},"content":{"rendered":"\n<p>El l\u00edder libertario aprovech\u00f3 la decisi\u00f3n del presidente estadounidense para renovar sus cr\u00edticas a la prensa por su trabajo y en especial al reconocido conductor radial a quien ya hab\u00eda atacado en el pasado.<\/p>\n\n\n\n<p>Tras la reciente renuncia de Joe Biden a su candidatura para la reelecci\u00f3n, la Casa Rosada evit\u00f3 emitir alg\u00fan tipo de comentario al respecto. Sin embargo, el presidente Javier Milei, l\u00edder del espacio libertario, no perdi\u00f3 la oportunidad para arremeter nuevamente contra el periodista Marcelo Longobardi, con quien ha tenido varios enfrentamientos en el pasado.La pol\u00e9mica surgi\u00f3 cuando Milei reposte\u00f3 en la red social X un mensaje del usuario an\u00f3nimo \u201cPregonero\u201d, parte del circuito oficialista de difusi\u00f3n en redes sociales. \u201cNo hay opini\u00f3n donde no la pifie de manera descomunal esta chanta\u201d, dec\u00eda el mensaje, acompa\u00f1ado de un video de una entrevista a Longobardi realizada por Jaime Bayly.<\/p>\n\n\n\n<p>En dicho video, Longobardi expres\u00f3 su opini\u00f3n sobre Donald Trump y Joe Biden, describiendo al primero como \u201cun gangster, un inmoral, un peligro para el mundo\u201d, mientras que pondera a Biden, aunque reconociendo las cr\u00edticas dentro de su propio partido. \u201cTrump no es un liberal como supone mi presidente, Milei. Es un ultraconservador que est\u00e1, como todos los pol\u00edticos actuales, algo extraviado\u201d, coment\u00f3 el conductor radial, compar\u00e1ndolo incluso con Cristina Kirchner.<\/p>\n\n\n\n<p>Anteriormente, el periodista hab\u00eda definido al l\u00edder libertario como un \u201caut\u00f3crata\u201d que \u201cdesborda los l\u00edmites de la democracia\u201d. Tras el intento de golpe en Bolivia, el jefe de Estado local hab\u00eda lanzado duras cr\u00edticas contra Longobardi, llam\u00e1ndolo \u201cel perfecto dinosaurio idiota\u201d y acus\u00e1ndolo de no reconocer los fraudes pol\u00edticos.Desde su posici\u00f3n, Milei ha sido frecuentemente cr\u00edtico con los periodistas, calific\u00e1ndolos de \u201ccalumniadores\u201d, \u201cimb\u00e9ciles\u201d y \u201censobrados\u201d. Esta postura ha generado preocupaci\u00f3n en diversas organizaciones, como la Sociedad Interamericana de Prensa (SIP) y la Asociaci\u00f3n de Entidades Period\u00edsticas Argentinas (Adepa), que han pedido al presidente \u201ctolerancia\u201d y respeto hacia los medios de comunicaci\u00f3n.<\/p>\n\n\n\n<p><\/p>\n\n\n\n<p><\/p>\n","protected":false},"excerpt":{"rendered":"<p>El l\u00edder libertario aprovech\u00f3 la decisi\u00f3n del presidente estadounidense para renovar sus cr\u00edticas a la prensa por su trabajo y en especial al reconocido conductor radial a quien ya hab\u00eda atacado en el pasado. Tras la reciente renuncia de Joe Biden a su candidatura para la reelecci\u00f3n, la Casa Rosada evit\u00f3 emitir alg\u00fan tipo de [&hellip;]<\/p>\n","protected":false},"author":2,"featured_media":8477,"comment_status":"open","ping_status":"open","sticky":false,"template":"","format":"standard","meta":{"footnotes":""},"categories":[1,20],"tags":[],"_links":{"self":[{"href":"https:\/\/enlamira.info\/index.php\/wp-json\/wp\/v2\/posts\/8474"}],"collection":[{"href":"https:\/\/enlamira.info\/index.php\/wp-json\/wp\/v2\/posts"}],"about":[{"href":"https:\/\/enlamira.info\/index.php\/wp-json\/wp\/v2\/types\/post"}],"author":[{"embeddable":true,"href":"https:\/\/enlamira.info\/index.php\/wp-json\/wp\/v2\/users\/2"}],"replies":[{"embeddable":true,"href":"https:\/\/enlamira.info\/index.php\/wp-json\/wp\/v2\/comments?post=8474"}],"version-history":[{"count":1,"href":"https:\/\/enlamira.info\/index.php\/wp-json\/wp\/v2\/posts\/8474\/revisions"}],"predecessor-version":[{"id":8475,"href":"https:\/\/enlamira.info\/index.php\/wp-json\/wp\/v2\/posts\/8474\/revisions\/8475"}],"wp:featuredmedia":[{"embeddable":true,"href":"https:\/\/enlamira.info\/index.php\/wp-json\/wp\/v2\/media\/8477"}],"wp:attachment":[{"href":"https:\/\/enlamira.info\/index.php\/wp-json\/wp\/v2\/media?parent=8474"}],"wp:term":[{"taxonomy":"category","embeddable":true,"href":"https:\/\/enlamira.info\/index.php\/wp-json\/wp\/v2\/categories?post=8474"},{"taxonomy":"post_tag","embeddable":true,"href":"https:\/\/enlamira.info\/index.php\/wp-json\/wp\/v2\/tags?post=8474"}],"curies":[{"name":"wp","href":"https:\/\/api.w.org\/{rel}","templated":true}]}}