{"id":8463,"date":"2024-07-20T19:59:24","date_gmt":"2024-07-20T22:59:24","guid":{"rendered":"https:\/\/enlamira.info\/?p=8463"},"modified":"2024-07-20T21:21:53","modified_gmt":"2024-07-21T00:21:53","slug":"un-exfuncionario-de-la-agencia-de-discapacidad-dijo-que-adorni-mintio-sobre-la-radiografia-del-perro","status":"publish","type":"post","link":"https:\/\/enlamira.info\/index.php\/2024\/07\/20\/un-exfuncionario-de-la-agencia-de-discapacidad-dijo-que-adorni-mintio-sobre-la-radiografia-del-perro\/","title":{"rendered":"Un exfuncionario de la Agencia de Discapacidad dijo que Adorni minti\u00f3 sobre la radiograf\u00eda del perro"},"content":{"rendered":"\n<p>Seg\u00fan el vocero presidencial, durante la gesti\u00f3n de Alberto Fern\u00e1ndez le otorgaron una pensi\u00f3n a una persona que present\u00f3 la radiograf\u00eda de un animal.<\/p>\n\n\n\n<p>En medio de la controversia por la gesti\u00f3n de las pensiones por discapacidad, el vocero presidencial, Manuel Adorni, acus\u00f3 a la administraci\u00f3n anterior de Alberto\u00a0Fern\u00e1ndez\u00a0de negligencia al otorgar beneficios.\u00a0Adorni mostr\u00f3 una radiograf\u00eda de un perro\u00a0que supuestamente fue presentada para obtener una pensi\u00f3n. Sin embargo, Fernando Galarraga, exdirector de la Agencia Nacional de Discapacidad (Andis), neg\u00f3 rotundamente estas afirmaciones.<\/p>\n\n\n\n<p>\u201cEn 2022 un m\u00e9dico correntino -de dudosa \u00e9tica profesional- adjunt\u00f3, junto al certificado para la obtenci\u00f3n de la pensi\u00f3n, la radiograf\u00eda de un perro\u201d, afirm\u00f3 Adorni en una conferencia de prensa, se\u00f1alando que la persona obtuvo la pensi\u00f3n utilizando esta documentaci\u00f3n falsa.\u00a0\u201cLa Argentina de la avivada se termin\u00f3\u201d, a\u00f1adi\u00f3 ir\u00f3nicamente mientras mostraba la prueba documental.<\/p>\n\n\n\n<p>Galarraga respondi\u00f3 r\u00e1pidamente, desmintiendo la acusaci\u00f3n de Adorni.\u00a0\u201c\u00bfA qui\u00e9n quieren enga\u00f1ar y meter el perro? Es evidente: a la gente\u201d, declar\u00f3. Asegur\u00f3 que durante su gesti\u00f3n no se entreg\u00f3 ninguna pensi\u00f3n basada en la radiograf\u00eda de un perro y proporcion\u00f3 el expediente 2022-108550205-APN-CFM#ANDIS para respaldar su afirmaci\u00f3n.\u00a0\u201cNuestra auditor\u00eda m\u00e9dica expresa: \u2018Radiograf\u00eda no perteneciente a un ser humano\u2019\u201d, enfatiz\u00f3.<\/p>\n\n\n\n<p>El exfuncionario explic\u00f3 que\u00a0el expediente fue frenado, denunciado y archivado, y que la persona solicitante nunca cobr\u00f3 una pensi\u00f3n bajo su administraci\u00f3n. Adem\u00e1s, solicit\u00f3 a la actual administraci\u00f3n que rectifique la informaci\u00f3n incorrecta. \u201cPor favor, en t\u00e9rminos de r\u00e9plica, rectificar la informaci\u00f3n, gracias\u201d, concluy\u00f3 Galarraga.<\/p>\n\n\n\n<p>Adorni, por su parte, defendi\u00f3 la necesidad de auditar las pensiones, alegando una \u201cactividad fraudulenta a gran escala\u201d. Estim\u00f3 que en 2023 se desvi\u00f3 casi un tercio de los\u00a0US$3400 millones\u00a0destinados a pensiones por invalidez laboral. Seg\u00fan sus datos, entre 2003 y 2015, el n\u00famero de beneficiarios de pensiones aument\u00f3 significativamente, y en los cuatro a\u00f1os de Fern\u00e1ndez se sumaron 200.000 pensiones m\u00e1s.<\/p>\n\n\n\n<p>Adorni tambi\u00e9n destac\u00f3 que en las\u00a0auditor\u00edas\u00a0se descubri\u00f3 que muchas personas que cobraban pensiones por invalidez laboral estaban trabajando o pose\u00edan propiedades de alto valor. \u201cEn la Direcci\u00f3n General de Cultura y Educaci\u00f3n de la provincia de Buenos Aires hay 683 empleados que cobran la pensi\u00f3n y\u00a0al 90% se la otorg\u00f3 sin hacer la revisi\u00f3n m\u00e9dica\u201d, afirm\u00f3.<\/p>\n","protected":false},"excerpt":{"rendered":"<p>Seg\u00fan el vocero presidencial, durante la gesti\u00f3n de Alberto Fern\u00e1ndez le otorgaron una pensi\u00f3n a una persona que present\u00f3 la radiograf\u00eda de un animal. En medio de la controversia por la gesti\u00f3n de las pensiones por discapacidad, el vocero presidencial, Manuel Adorni, acus\u00f3 a la administraci\u00f3n anterior de Alberto\u00a0Fern\u00e1ndez\u00a0de negligencia al otorgar beneficios.\u00a0Adorni mostr\u00f3 una [&hellip;]<\/p>\n","protected":false},"author":2,"featured_media":8465,"comment_status":"open","ping_status":"open","sticky":false,"template":"","format":"standard","meta":{"footnotes":""},"categories":[20],"tags":[],"_links":{"self":[{"href":"https:\/\/enlamira.info\/index.php\/wp-json\/wp\/v2\/posts\/8463"}],"collection":[{"href":"https:\/\/enlamira.info\/index.php\/wp-json\/wp\/v2\/posts"}],"about":[{"href":"https:\/\/enlamira.info\/index.php\/wp-json\/wp\/v2\/types\/post"}],"author":[{"embeddable":true,"href":"https:\/\/enlamira.info\/index.php\/wp-json\/wp\/v2\/users\/2"}],"replies":[{"embeddable":true,"href":"https:\/\/enlamira.info\/index.php\/wp-json\/wp\/v2\/comments?post=8463"}],"version-history":[{"count":1,"href":"https:\/\/enlamira.info\/index.php\/wp-json\/wp\/v2\/posts\/8463\/revisions"}],"predecessor-version":[{"id":8464,"href":"https:\/\/enlamira.info\/index.php\/wp-json\/wp\/v2\/posts\/8463\/revisions\/8464"}],"wp:featuredmedia":[{"embeddable":true,"href":"https:\/\/enlamira.info\/index.php\/wp-json\/wp\/v2\/media\/8465"}],"wp:attachment":[{"href":"https:\/\/enlamira.info\/index.php\/wp-json\/wp\/v2\/media?parent=8463"}],"wp:term":[{"taxonomy":"category","embeddable":true,"href":"https:\/\/enlamira.info\/index.php\/wp-json\/wp\/v2\/categories?post=8463"},{"taxonomy":"post_tag","embeddable":true,"href":"https:\/\/enlamira.info\/index.php\/wp-json\/wp\/v2\/tags?post=8463"}],"curies":[{"name":"wp","href":"https:\/\/api.w.org\/{rel}","templated":true}]}}