{"id":8433,"date":"2024-07-19T17:59:49","date_gmt":"2024-07-19T20:59:49","guid":{"rendered":"https:\/\/enlamira.info\/?p=8433"},"modified":"2024-07-19T18:00:28","modified_gmt":"2024-07-19T21:00:28","slug":"nacion-y-ciudad-alcanzan-un-principio-de-acuerdo-por-la-coparticipacion-295-de-fondos-desde-el-1-de-agosto","status":"publish","type":"post","link":"https:\/\/enlamira.info\/index.php\/2024\/07\/19\/nacion-y-ciudad-alcanzan-un-principio-de-acuerdo-por-la-coparticipacion-295-de-fondos-desde-el-1-de-agosto\/","title":{"rendered":"Naci\u00f3n y Ciudad alcanzan un principio de acuerdo por la coparticipaci\u00f3n: 2,95% de fondos desde el 1 de agosto"},"content":{"rendered":"\n<p>Jorge Macri y Luis Caputo logran consenso en una reuni\u00f3n clave en el Ministerio de Econom\u00eda. La deuda de m\u00e1s de $4 billones se discutir\u00e1n en la Corte Suprema.<\/p>\n\n\n\n<p>En un importante avance hacia la\u00a0resoluci\u00f3n\u00a0de la disputa por la\u00a0coparticipaci\u00f3n, el\u00a0Gobierno Nacional y la Ciudad de Buenos Aires\u00a0lograron a un principio de acuerdo.<\/p>\n\n\n\n<p>Tras una\u00a0reuni\u00f3n\u00a0de una hora entre el jefe de\u00a0Gobierno\u00a0porte\u00f1o,\u00a0Jorge Macri, y el ministro de Econom\u00eda,\u00a0Luis Caputo, se estableci\u00f3 que desde el 1 de agosto la\u00a0Ciudad\u00a0recibir\u00e1 el 2,95% de los fondos correspondientes, en lugar del 1,4% que se ha estado girando hasta ahora.<\/p>\n\n\n\n<p>Adem\u00e1s, la deuda acumulada de $4,8 billones ser\u00e1 discutida en la Corte Suprema, con representantes de ambos gobiernos buscando un fallo definitivo del m\u00e1ximo tribunal.<\/p>\n\n\n\n<p>\u201cLo importante es que hubo una buena predisposici\u00f3n. Quiero rescatar este gesto, que fue un acuerdo al que hemos llegado\u201d, expres\u00f3 Jorge Macri al salir del encuentro en Econom\u00eda. \u201cSon alrededor de $80.000 millones por mes, una suma significativa que la Ciudad necesita urgentemente\u201d, a\u00f1adi\u00f3.<\/p>\n\n\n\n<p>El acuerdo implica que se cumplir\u00e1 con la indicaci\u00f3n de la Corte Suprema a partir del 1 de agosto, en el porcentaje establecido. Adem\u00e1s, ambas partes se presentar\u00e1n en la Corte para dialogar sobre el pago de la deuda. \u201cTenemos la tranquilidad de que a partir de ese momento se empiece a cumplir con esta indicaci\u00f3n y juntos vamos a buscar una soluci\u00f3n definitiva a esta discusi\u00f3n\u201d, afirm\u00f3\u00a0<strong>Macri<\/strong>.<\/p>\n\n\n\n<p>El principal objetivo del Gobierno porte\u00f1o es recuperar el 2,95% de coparticipaci\u00f3n\u00a0que le corresponde, de acuerdo con el fallo de la Corte Suprema de diciembre de 2022, una medida cautelar que no ha sido acatada por los gobiernos de Alberto Fern\u00e1ndez ni Javier Milei. La Ciudad tambi\u00e9n reclama una deuda de $4,8 billones acumulada desde que se le recortaron los fondos en septiembre de 2020.<\/p>\n\n\n\n<p>La fecha estipulada para comenzar con el nuevo goteo de fondos es el 1 de agosto. \u201cEsto nos permite mantener el marco de inversiones como ten\u00edamos previsto. Nunca bajamos una obra p\u00fablica, pero empez\u00e1bamos a entrar en una zona cr\u00edtica\u201d, sostuvo Macri. Adem\u00e1s, ambas partes se reunir\u00e1n en la Corte para acordar una soluci\u00f3n pol\u00edtica, mientras esperan el fallo definitivo sobre la deuda acumulada desde 2020.<\/p>\n\n\n\n<h3 class=\"wp-block-heading\">Una pelea por recursos que suma tensi\u00f3n<\/h3>\n\n\n\n<p>\u201cHay buena voluntad de las dos partes\u201d. Esta frase, pronunciada por un funcionario nacional de alto rango, refleja las negociaciones que han llevado adelante Naci\u00f3n y Ciudad para resolver la disputa por los fondos de coparticipaci\u00f3n. Con la inminente decisi\u00f3n de la Corte Suprema, el acuerdo se aceler\u00f3.<\/p>\n\n\n\n<p>Previas reuniones en enero y abril no lograron avances significativos, y la relaci\u00f3n entre ambas partes se tens\u00f3. Sin embargo, el reciente encuentro entre Luis Caputo y Jorge Macri, el tercero del a\u00f1o, result\u00f3 en un acuerdo optimista.<\/p>\n\n\n\n<p>En las \u00faltimas semanas, Mauricio Macri, en representaci\u00f3n del PRO, reclam\u00f3 que se cumpliera el fallo de la Corte Suprema de diciembre de 2022. Solo por los 19 meses de incumplimiento, la deuda acumulada supera los $800.000 millones. \u201cPara alcanzar esos cambios, hay una condici\u00f3n anterior a\u00fan m\u00e1s importante que crear nuevas leyes, y es cumplir con las existentes, en especial, cumplir con los fallos irrevocables dictados por la Corte Suprema\u201d, tuite\u00f3 el ex presidente.<\/p>\n\n\n\n<p>La Corte Suprema sigue de cerca el tema y aboga por una soluci\u00f3n pol\u00edtica. El fallo de fondo, que se espera entre este mes y agosto, podr\u00eda ser adverso para el Gobierno, obligando a ajustar la al\u00edcuota de coparticipaci\u00f3n al 2,95%.<\/p>\n\n\n\n<p>Desde 2003, la cantidad de pensiones no contributivas por invalidez laboral pas\u00f3 de 80.000 a 1.050.000, aumentando a\u00fan m\u00e1s durante la presidencia de Alberto Fern\u00e1ndez. La deuda acumulada desde diciembre de 2022 supera los $800.000 millones, pero el principal inter\u00e9s de la Ciudad es que se cumpla el fallo y se pague el 2,95% de coparticipaci\u00f3n.<\/p>\n\n\n\n<p>El recorte de coparticipaci\u00f3n anunciado por\u00a0Alberto Fern\u00e1ndez\u00a0en 2020 redujo el canon del\u00a03,5% al 2,32%, y luego al 1,4%. Seg\u00fan la Corte Suprema,\u00a0la al\u00edcuota correcta es el 2,95%.<\/p>\n","protected":false},"excerpt":{"rendered":"<p>Jorge Macri y Luis Caputo logran consenso en una reuni\u00f3n clave en el Ministerio de Econom\u00eda. La deuda de m\u00e1s de $4 billones se discutir\u00e1n en la Corte Suprema. En un importante avance hacia la\u00a0resoluci\u00f3n\u00a0de la disputa por la\u00a0coparticipaci\u00f3n, el\u00a0Gobierno Nacional y la Ciudad de Buenos Aires\u00a0lograron a un principio de acuerdo. Tras una\u00a0reuni\u00f3n\u00a0de una [&hellip;]<\/p>\n","protected":false},"author":2,"featured_media":8435,"comment_status":"open","ping_status":"open","sticky":false,"template":"","format":"standard","meta":{"footnotes":""},"categories":[20],"tags":[],"_links":{"self":[{"href":"https:\/\/enlamira.info\/index.php\/wp-json\/wp\/v2\/posts\/8433"}],"collection":[{"href":"https:\/\/enlamira.info\/index.php\/wp-json\/wp\/v2\/posts"}],"about":[{"href":"https:\/\/enlamira.info\/index.php\/wp-json\/wp\/v2\/types\/post"}],"author":[{"embeddable":true,"href":"https:\/\/enlamira.info\/index.php\/wp-json\/wp\/v2\/users\/2"}],"replies":[{"embeddable":true,"href":"https:\/\/enlamira.info\/index.php\/wp-json\/wp\/v2\/comments?post=8433"}],"version-history":[{"count":1,"href":"https:\/\/enlamira.info\/index.php\/wp-json\/wp\/v2\/posts\/8433\/revisions"}],"predecessor-version":[{"id":8434,"href":"https:\/\/enlamira.info\/index.php\/wp-json\/wp\/v2\/posts\/8433\/revisions\/8434"}],"wp:featuredmedia":[{"embeddable":true,"href":"https:\/\/enlamira.info\/index.php\/wp-json\/wp\/v2\/media\/8435"}],"wp:attachment":[{"href":"https:\/\/enlamira.info\/index.php\/wp-json\/wp\/v2\/media?parent=8433"}],"wp:term":[{"taxonomy":"category","embeddable":true,"href":"https:\/\/enlamira.info\/index.php\/wp-json\/wp\/v2\/categories?post=8433"},{"taxonomy":"post_tag","embeddable":true,"href":"https:\/\/enlamira.info\/index.php\/wp-json\/wp\/v2\/tags?post=8433"}],"curies":[{"name":"wp","href":"https:\/\/api.w.org\/{rel}","templated":true}]}}