{"id":8424,"date":"2024-07-19T17:56:37","date_gmt":"2024-07-19T20:56:37","guid":{"rendered":"https:\/\/enlamira.info\/?p=8424"},"modified":"2024-07-19T18:03:15","modified_gmt":"2024-07-19T21:03:15","slug":"macri-defendio-a-milei-y-sentencio-a-maduro-produjo-la-mayor-crisis-humanitaria","status":"publish","type":"post","link":"https:\/\/enlamira.info\/index.php\/2024\/07\/19\/macri-defendio-a-milei-y-sentencio-a-maduro-produjo-la-mayor-crisis-humanitaria\/","title":{"rendered":"Macri defendi\u00f3 a Milei y sentenci\u00f3 a Maduro: \u201cProdujo la mayor crisis humanitaria\u201d"},"content":{"rendered":"\n<p>El expresidente sali\u00f3 en defensa del actual mandatario argentino y acus\u00f3 al venezolano de \u201ccometer los cr\u00edmenes del r\u00e9gimen chavista\u201d.<\/p>\n\n\n\n<p>En una reciente controversia,\u00a0Mauricio\u00a0Macri\u00a0defendi\u00f3 a\u00a0Javier\u00a0Milei\u00a0luego de que\u00a0Nicol\u00e1s\u00a0Maduro\u00a0lo acusara de conspirar para sabotear las elecciones en Venezuela.<\/p>\n\n\n\n<p>A trav\u00e9s de un\u00a0mensaje\u00a0en sus redes sociales, el exjefe de Estado no s\u00f3lo rechaz\u00f3 las acusaciones, sino que tambi\u00e9n se\u00f1al\u00f3 los graves delitos cometidos por el r\u00e9gimen chavista.<\/p>\n\n\n\n<p>\u201cEl dictador\u00a0Nicol\u00e1s Maduro\u00a0ha cometido cr\u00edmenes de lesa humanidad, provocado una crisis humanitaria sin precedentes y suprimido las libertades individuales en Venezuela. Ahora, con un descaro total, acusa a Javier Milei de intentar atentar contra la democracia en Venezuela\u201d, escribi\u00f3 Macri en su cuenta de X.<\/p>\n\n\n\n<p>Macri\u00a0subray\u00f3 que Venezuela ha sufrido enormemente bajo el mandato de Maduro, con la econom\u00eda arruinada y millones de ciudadanos forzados al exilio. Adem\u00e1s, hizo un llamado a la comunidad internacional para que se mantenga alerta y garantice la transparencia en los pr\u00f3ximos comicios del 28 de julio.<\/p>\n\n\n\n<p>\u201cEs fundamental que los l\u00edderes democr\u00e1ticos de la comunidad internacional vigilen el proceso electoral para asegurar que sea justo y libre de interferencias\u201d, a\u00f1adi\u00f3.<\/p>\n\n\n\n<p>Por \u00faltimo,\u00a0Macri\u00a0expres\u00f3 su apoyo al pueblo venezolano: \u201cAcompa\u00f1o al pueblo venezolano en su derecho al voto con valent\u00eda y convicci\u00f3n. Reiteramos nuestro apoyo a la oposici\u00f3n venezolana de cara a las elecciones presidenciales\u201d.<\/p>\n\n\n\n<p>Las declaraciones del exmandatario surgieron en respuesta a los recientes comentarios del premier venezolano, quien en medio de su campa\u00f1a electoral acus\u00f3 a Milei y a otros l\u00edderes de la derecha de conspirar para suspender las elecciones. A diez d\u00edas de los comicios, las encuestas sugieren una posible victoria de la oposici\u00f3n, lo que ha llevado a Maduro a intensificar su ret\u00f3rica.<\/p>\n\n\n\n<p>\u201cQuieren una hecatombe para suspender las elecciones. Y saldr\u00edan los gringos, saldr\u00eda el mal parido de Milei, saldr\u00eda la derecha. Pero estamos preparados, el 28 de julio habr\u00e1 elecciones en Venezuela. \u00a1Nadie las va a sabotear!\u201d, exclam\u00f3 Maduro ante sus seguidores.<\/p>\n\n\n\n<p>El l\u00edder venezolano advirti\u00f3 sobre un posible \u201cba\u00f1o de sangre\u201d si no es reelecto. Durante un acto en Caracas, Maduro afirm\u00f3: \u201cEl 28 de julio se decide guerra o paz, democracia o fascismo. Estoy preparado, tengo el amor por Venezuela, tengo la experiencia, no le tengo miedo ni al demonio. Dios viene conmigo, el pueblo est\u00e1 con nosotros\u201d.<\/p>\n","protected":false},"excerpt":{"rendered":"<p>El expresidente sali\u00f3 en defensa del actual mandatario argentino y acus\u00f3 al venezolano de \u201ccometer los cr\u00edmenes del r\u00e9gimen chavista\u201d. En una reciente controversia,\u00a0Mauricio\u00a0Macri\u00a0defendi\u00f3 a\u00a0Javier\u00a0Milei\u00a0luego de que\u00a0Nicol\u00e1s\u00a0Maduro\u00a0lo acusara de conspirar para sabotear las elecciones en Venezuela. A trav\u00e9s de un\u00a0mensaje\u00a0en sus redes sociales, el exjefe de Estado no s\u00f3lo rechaz\u00f3 las acusaciones, sino que tambi\u00e9n [&hellip;]<\/p>\n","protected":false},"author":2,"featured_media":8426,"comment_status":"open","ping_status":"open","sticky":false,"template":"","format":"standard","meta":{"footnotes":""},"categories":[20],"tags":[],"_links":{"self":[{"href":"https:\/\/enlamira.info\/index.php\/wp-json\/wp\/v2\/posts\/8424"}],"collection":[{"href":"https:\/\/enlamira.info\/index.php\/wp-json\/wp\/v2\/posts"}],"about":[{"href":"https:\/\/enlamira.info\/index.php\/wp-json\/wp\/v2\/types\/post"}],"author":[{"embeddable":true,"href":"https:\/\/enlamira.info\/index.php\/wp-json\/wp\/v2\/users\/2"}],"replies":[{"embeddable":true,"href":"https:\/\/enlamira.info\/index.php\/wp-json\/wp\/v2\/comments?post=8424"}],"version-history":[{"count":1,"href":"https:\/\/enlamira.info\/index.php\/wp-json\/wp\/v2\/posts\/8424\/revisions"}],"predecessor-version":[{"id":8425,"href":"https:\/\/enlamira.info\/index.php\/wp-json\/wp\/v2\/posts\/8424\/revisions\/8425"}],"wp:featuredmedia":[{"embeddable":true,"href":"https:\/\/enlamira.info\/index.php\/wp-json\/wp\/v2\/media\/8426"}],"wp:attachment":[{"href":"https:\/\/enlamira.info\/index.php\/wp-json\/wp\/v2\/media?parent=8424"}],"wp:term":[{"taxonomy":"category","embeddable":true,"href":"https:\/\/enlamira.info\/index.php\/wp-json\/wp\/v2\/categories?post=8424"},{"taxonomy":"post_tag","embeddable":true,"href":"https:\/\/enlamira.info\/index.php\/wp-json\/wp\/v2\/tags?post=8424"}],"curies":[{"name":"wp","href":"https:\/\/api.w.org\/{rel}","templated":true}]}}