{"id":8417,"date":"2024-07-19T17:51:22","date_gmt":"2024-07-19T20:51:22","guid":{"rendered":"https:\/\/enlamira.info\/?p=8417"},"modified":"2024-07-19T18:04:38","modified_gmt":"2024-07-19T21:04:38","slug":"el-gobierno-critico-a-villarruel-por-sus-dichos-contra-francia-fue-un-comentario-desafortunado","status":"publish","type":"post","link":"https:\/\/enlamira.info\/index.php\/2024\/07\/19\/el-gobierno-critico-a-villarruel-por-sus-dichos-contra-francia-fue-un-comentario-desafortunado\/","title":{"rendered":"El Gobierno critic\u00f3 a Villarruel por sus dichos contra Francia: \u201cFue un comentario desafortunado\u201d"},"content":{"rendered":"\n<p>Crece el malestar interno y el entorno de Javier Milei intenta despegarse de las declaraciones de la vicepresidenta contra el pa\u00eds galo tras la obtenci\u00f3n del bicampeonato de la Copa Am\u00e9rica.<\/p>\n\n\n\n<p>La tensi\u00f3n interna en\u00a0La Liberta Avanza, es cada vez m\u00e1s notoria, en las \u00faltimas horas molest\u00f3 y mucho, al c\u00edrculo cercano del presidente\u00a0Javier Milei, los dichos de la vicepresidenta\u00a0Victoria Villarruel\u00a0sobre\u00a0Francia, luego de los canticos tildados de racistas de algunos jugadores de la selecci\u00f3n argentina de futbol, tras obtener el bicampeonato de la\u00a0Copa Am\u00e9rica 2024.<\/p>\n\n\n\n<p>El encargado de salir a tomar distancia fue el vocero presidencial,\u00a0Manuel Adorni,\u00a0quien en su habitual conferencia de prensa desde\u00a0Casa Rosada, explic\u00f3 que \u201clos dichos de la vicepresidenta Victoria Villarruel contra Francia fueron desafortunados\u201d.<\/p>\n\n\n\n<p>Adem\u00e1s, el funcionario confirm\u00f3 que \u201cEfectivamente Karina Milei fue a explicar que el desafortunado comentario claramente ocurrido en las redes sociales fue a t\u00edtulo personal\u00a0y que efectivamente no era la posici\u00f3n del Gobierno entremezclar cuestiones de pasiones deportivas con cuestiones diplom\u00e1ticas\u201d, sostuvo Adorni.<\/p>\n\n\n\n<p>El portavoz de Milei tambi\u00e9n remarc\u00f3 que la secretaria de la Presidencia solicit\u00f3 una reuni\u00f3n con el representante diplom\u00e1tico de Francia al que le pidi\u00f3 disculpas por el entredicho y que no fue enviada la canciller\u00a0Diana Mondino,\u00a0porque lo tomaron como un tema que tratar desde las \u201caltas esferas del Gobierno\u201d.<\/p>\n\n\n\n<p>Con esos dichos queda en claro que el otro frente de lucha que tiene la hermana del Presidente, adem\u00e1s de Villarruel es Mondino, a quien desplaz\u00f3 de su influencia en el ministerio de Relaciones Exteriores y a quien elimin\u00f3 del c\u00edrculo cercano a Milei.<\/p>\n\n\n\n<p>\u201cNo estuvo bien. Karina se tuvo que juntar de urgencia con el embajador de Francia para desactivar el conflicto\u00a0que gener\u00f3 Victoria Villarruel. Pudo solucionarlo\u201d, aseguraron desde Casa Rosada y confirmaron que\u00a0Milei viajar\u00e1 a Francia el jueves 25 de julio para la inauguraci\u00f3n de los Juegos Ol\u00edmpicos\u00a0que se llevar\u00e1n a cabo en\u00a0Par\u00eds\u00a0y tendr\u00e1 un encuentro bilateral con el presidente\u00a0Emmanuel Macron, con quien pretende tener una buena relaci\u00f3n.<\/p>\n","protected":false},"excerpt":{"rendered":"<p>Crece el malestar interno y el entorno de Javier Milei intenta despegarse de las declaraciones de la vicepresidenta contra el pa\u00eds galo tras la obtenci\u00f3n del bicampeonato de la Copa Am\u00e9rica. La tensi\u00f3n interna en\u00a0La Liberta Avanza, es cada vez m\u00e1s notoria, en las \u00faltimas horas molest\u00f3 y mucho, al c\u00edrculo cercano del presidente\u00a0Javier Milei, [&hellip;]<\/p>\n","protected":false},"author":2,"featured_media":8419,"comment_status":"open","ping_status":"open","sticky":false,"template":"","format":"standard","meta":{"footnotes":""},"categories":[20],"tags":[],"_links":{"self":[{"href":"https:\/\/enlamira.info\/index.php\/wp-json\/wp\/v2\/posts\/8417"}],"collection":[{"href":"https:\/\/enlamira.info\/index.php\/wp-json\/wp\/v2\/posts"}],"about":[{"href":"https:\/\/enlamira.info\/index.php\/wp-json\/wp\/v2\/types\/post"}],"author":[{"embeddable":true,"href":"https:\/\/enlamira.info\/index.php\/wp-json\/wp\/v2\/users\/2"}],"replies":[{"embeddable":true,"href":"https:\/\/enlamira.info\/index.php\/wp-json\/wp\/v2\/comments?post=8417"}],"version-history":[{"count":1,"href":"https:\/\/enlamira.info\/index.php\/wp-json\/wp\/v2\/posts\/8417\/revisions"}],"predecessor-version":[{"id":8418,"href":"https:\/\/enlamira.info\/index.php\/wp-json\/wp\/v2\/posts\/8417\/revisions\/8418"}],"wp:featuredmedia":[{"embeddable":true,"href":"https:\/\/enlamira.info\/index.php\/wp-json\/wp\/v2\/media\/8419"}],"wp:attachment":[{"href":"https:\/\/enlamira.info\/index.php\/wp-json\/wp\/v2\/media?parent=8417"}],"wp:term":[{"taxonomy":"category","embeddable":true,"href":"https:\/\/enlamira.info\/index.php\/wp-json\/wp\/v2\/categories?post=8417"},{"taxonomy":"post_tag","embeddable":true,"href":"https:\/\/enlamira.info\/index.php\/wp-json\/wp\/v2\/tags?post=8417"}],"curies":[{"name":"wp","href":"https:\/\/api.w.org\/{rel}","templated":true}]}}