{"id":8381,"date":"2024-07-18T18:39:32","date_gmt":"2024-07-18T21:39:32","guid":{"rendered":"https:\/\/enlamira.info\/?p=8381"},"modified":"2024-07-18T21:17:43","modified_gmt":"2024-07-19T00:17:43","slug":"guillermo-francos-sobre-la-amenaza-de-iran-nos-tiene-sin-cuidado-y-al-presidente-no-lo-va-a-amedrentar","status":"publish","type":"post","link":"https:\/\/enlamira.info\/index.php\/2024\/07\/18\/guillermo-francos-sobre-la-amenaza-de-iran-nos-tiene-sin-cuidado-y-al-presidente-no-lo-va-a-amedrentar\/","title":{"rendered":"Guillermo Francos sobre la amenaza de Ir\u00e1n: \u201cNos tiene sin cuidado y al Presidente no lo va a amedrentar\u201d"},"content":{"rendered":"\n<p>El jefe de Gabinete se refiri\u00f3 a los dichos publicados en el diario Teheran Times, donde se afirm\u00f3 que Argentina lamentar\u00eda su enemistad. \u201cLlama un poco la atenci\u00f3n la impunidad con la que hacen este tipo de amenazas\u201d, se\u00f1al\u00f3.<\/p>\n\n\n\n<p>A 30 a\u00f1os del atentado a la AMIA y tras publicarse\u00a0una grave amenaza a la Argentina por parte de Ir\u00e1n, el jefe de Gabinete,\u00a0Guillermo Francos, se\u00f1al\u00f3:\u00a0\u201cNos tiene sin cuidado y al Presidente no lo va a amedrentar\u201d.<\/p>\n\n\n\n<p>Durante el d\u00eda de ayer se dio a conocer un editorial en el diario\u00a0Teheran Times, en el que se afirmaba que\u00a0el pa\u00eds lamentar\u00eda su enemistad. Esta ma\u00f1ana, y\u00a0a horas de cumplirse los 30 a\u00f1os del atentado a la AMIA, Francos respondi\u00f3.<\/p>\n\n\n\n<p>\u201cAl Presidente no lo van a amedrentar, todos conocen su personalidad y cuando se trata de defender posiciones ideol\u00f3gicas o derechos esenciales, no tiene ninguna duda\u201d, indic\u00f3, y advirti\u00f3 que \u201cese comentario\u00a0no le va a hacer ninguna mella\u00a0a sus posiciones muy firmes en estos temas\u201d.<\/p>\n\n\n\n<p>\u201cLlama un poco la atenci\u00f3n la impunidad\u00a0con la que se hacen este tipo de amenazas, pero eso no tiene que torcer la convicci\u00f3n de los argentinos de vivir en libertad y en paz\u201d, manifesto.<\/p>\n\n\n\n<p>Y continu\u00f3 en di\u00e1logo con radio Mitre: \u201cUno no puede someterse a los que\u00a0pretenden infundir miedo y terror, sino que tiene que expresar sus opiniones con libertad y, sobre todo en este caso, cuando la Argentina como pa\u00eds ha hecho cargo a un gobierno y a sus organizaciones adl\u00e1teres de responsabilidades que han generado la muerte de muchos argentinos\u201d.<\/p>\n\n\n\n<p>En ese sentido\u00a0sostuvo la posici\u00f3n del gobierno de haber incluido a Hamas\u00a0en la lista de organizaciones terroristas.<\/p>\n\n\n\n<p>\u201cNo se puede no considerar terrorista a Hamas, mucho m\u00e1s despu\u00e9s de los episodios del a\u00f1o \u00faltimo. Todos hemos visto la crueldad con la que ese movimiento terrorista se apoder\u00f3 de una parte del territorio israel\u00ed, se llev\u00f3 rehenes, incluso todav\u00eda hoy tiene rehenes argentinos y otros, lo cual es una afrenta a todo derecho humano que se considere esencial\u201d, dijo.<\/p>\n\n\n\n<p>\u201cMe tiene muy sin cuidado las amenazas que puedan proferirse cuando de este lado estamos defendiendo la libertad y los derechos humanos no solamente de argentinos sino de una cantidad muy importante de israel\u00edes que sufrieron todo tipo de tropel\u00edas y atropellos\u201d, concluy\u00f3.<\/p>\n","protected":false},"excerpt":{"rendered":"<p>El jefe de Gabinete se refiri\u00f3 a los dichos publicados en el diario Teheran Times, donde se afirm\u00f3 que Argentina lamentar\u00eda su enemistad. \u201cLlama un poco la atenci\u00f3n la impunidad con la que hacen este tipo de amenazas\u201d, se\u00f1al\u00f3. A 30 a\u00f1os del atentado a la AMIA y tras publicarse\u00a0una grave amenaza a la Argentina [&hellip;]<\/p>\n","protected":false},"author":2,"featured_media":8383,"comment_status":"open","ping_status":"open","sticky":false,"template":"","format":"standard","meta":{"footnotes":""},"categories":[20],"tags":[],"_links":{"self":[{"href":"https:\/\/enlamira.info\/index.php\/wp-json\/wp\/v2\/posts\/8381"}],"collection":[{"href":"https:\/\/enlamira.info\/index.php\/wp-json\/wp\/v2\/posts"}],"about":[{"href":"https:\/\/enlamira.info\/index.php\/wp-json\/wp\/v2\/types\/post"}],"author":[{"embeddable":true,"href":"https:\/\/enlamira.info\/index.php\/wp-json\/wp\/v2\/users\/2"}],"replies":[{"embeddable":true,"href":"https:\/\/enlamira.info\/index.php\/wp-json\/wp\/v2\/comments?post=8381"}],"version-history":[{"count":1,"href":"https:\/\/enlamira.info\/index.php\/wp-json\/wp\/v2\/posts\/8381\/revisions"}],"predecessor-version":[{"id":8382,"href":"https:\/\/enlamira.info\/index.php\/wp-json\/wp\/v2\/posts\/8381\/revisions\/8382"}],"wp:featuredmedia":[{"embeddable":true,"href":"https:\/\/enlamira.info\/index.php\/wp-json\/wp\/v2\/media\/8383"}],"wp:attachment":[{"href":"https:\/\/enlamira.info\/index.php\/wp-json\/wp\/v2\/media?parent=8381"}],"wp:term":[{"taxonomy":"category","embeddable":true,"href":"https:\/\/enlamira.info\/index.php\/wp-json\/wp\/v2\/categories?post=8381"},{"taxonomy":"post_tag","embeddable":true,"href":"https:\/\/enlamira.info\/index.php\/wp-json\/wp\/v2\/tags?post=8381"}],"curies":[{"name":"wp","href":"https:\/\/api.w.org\/{rel}","templated":true}]}}