{"id":8378,"date":"2024-07-18T18:38:23","date_gmt":"2024-07-18T21:38:23","guid":{"rendered":"https:\/\/enlamira.info\/?p=8378"},"modified":"2024-07-18T21:18:31","modified_gmt":"2024-07-19T00:18:31","slug":"el-papa-francisco-pidio-justicia-en-el-30o-aniversario-del-atentado-a-la-amia","status":"publish","type":"post","link":"https:\/\/enlamira.info\/index.php\/2024\/07\/18\/el-papa-francisco-pidio-justicia-en-el-30o-aniversario-del-atentado-a-la-amia\/","title":{"rendered":"El papa Francisco pidi\u00f3 justicia en el 30\u00ba aniversario del atentado a la AMIA"},"content":{"rendered":"\n<p>El sumo pont\u00edfice envi\u00f3 un mensaje en el aniversario del ataque terrorista, reclamando que \u201cactos tan repudiables de violencia no se repitan\u201d y pidiendo justicia para las v\u00edctimas.<\/p>\n\n\n\n<p>El\u00a0papa\u00a0Francisco\u00a0difundi\u00f3 este jueves una carta con motivo del 30\u00ba aniversario del atentado a la\u00a0AMIA, calific\u00e1ndolo como\u00a0\u201cuna tragedia oscura\u201d\u00a0y solicitando justicia para las v\u00edctimas.<\/p>\n\n\n\n<p>En su mensaje, el pont\u00edfice inst\u00f3 a conmemorar el ataque\u00a0terrorista\u00a0\u201cen un esp\u00edritu de recuerdo y reflexi\u00f3n\u201d y afirm\u00f3: \u201cLa memoria de aquellos que murieron en esa tragedia oscura sigue viva en nuestras oraciones y en nuestro compromiso continuo con la justicia\u201d.<\/p>\n\n\n\n<p>Francisco\u00a0enfatiz\u00f3 la importancia de la memoria como una herramienta para aprender del pasado y proyectar esperanza hacia un futuro sin violencia. \u201cLa memoria nos ense\u00f1a que recordar no es solo mirar hacia atr\u00e1s, sino tambi\u00e9n proyectarnos en esperanza hacia un futuro donde actos tan repudiables de violencia no se repitan. La memoria nos impulsa a tener presentes a los 85 hermanos de aquel 18 de julio de 1994\u201d, expres\u00f3.<\/p>\n\n\n\n<p>El Papa tambi\u00e9n subray\u00f3 la necesidad de respetar la vida humana y la dignidad que conlleva, destacando que estos valores deben prevalecer sobre el odio y la divisi\u00f3n. \u201cEl respeto a toda vida humana y a la dignidad que conlleva debe prevalecer sobre el odio y la divisi\u00f3n\u201d, a\u00f1adi\u00f3. \u201cEsta es la base sobre la cual edificamos el bien com\u00fan, no s\u00f3lo para honrar a los que hemos perdido, sino para proteger a las generaciones futuras\u201d.<\/p>\n\n\n\n<h3 class=\"wp-block-heading\">El texto completo de la carta del Papa Francisco a 30 a\u00f1os del atentado a la AMIA<\/h3>\n\n\n\n<p>Al conmemorar el 30\u00ba aniversario del atentado a la AMIA, lo hacemos en un esp\u00edritu de recuerdo y reflexi\u00f3n. La memoria de aquellos que murieron en esa tragedia oscura sigue viva en nuestras oraciones y en nuestro compromiso continua con la justicia.<\/p>\n\n\n\n<p>Para rendir homenaje, ante la tragedia elegimos el silencio. La dimensi\u00f3n del silencio, poderosa y reveladora se presenta ante nosotros no como un vac\u00edo, sino como una presencia palpable de aquellos que ya no est\u00e1n. En el silencio escuchamos el eco de las vidas truncadas y sentimos el peso de la ausencia. Pero en el tambien encontramos la fuerza para enfrentar la realidad del mal y la resiliencia para seguir adelante. A veces el silencio puede expresar un dolor indecible ante la desgracia y, en este d\u00eda, nos unimos en un silencio que es tanto duelo como esperanza.<\/p>\n\n\n\n<p>La memoria puede ser nuestra gu\u00eda. Nos ensena que recordar no es solo mirar hacia atr\u00e1s, sino tambi\u00e9n proyectarnos en esperanza hacia un futuro donde actos tan repudiables de violencia no se repitan. La memoria nos impulsa a tener presentes a los 85 hermanos de aquel 18 de julio de 1994.<\/p>\n\n\n\n<p>Hoy, juntas, reafirmamos que no bajamos los brazos ante la b\u00fasqueda de justicia. Una justicia que no busca venganza, revanchismo, sino verdad y reparaci\u00f3n. Una justicia que es esencial no solo para las familias afectadas, sino para la cohesi\u00f3n del tejido social de la naci\u00f3n. El respeto a toda vida humana ya la dignidad que conlleva debe prevalecer sobre el odio y la divisi\u00f3n. Esta es la base sobre la cual edificamos el bien com\u00fan, no solo para honrar a los que hemos perdido, sino para proteger a las generaciones futuras.<\/p>\n\n\n\n<p>Invito a todas las personas de fe a todas las personas de buena voluntad a unirse en oraci\u00f3n y acci\u00f3n, a trabajar incansablemente por un mundo mas fraterno, donde la justicia y la paz se abracen, ya que sin justicia no habr\u00e1 paz duradera ni efectiva.<\/p>\n\n\n\n<p>Que el Dios de la paz nos bendiga con la esperanza y la audacia para llevar a cabo esta misi\u00f3n. Que el consuelo divino alcance a todas las familias que aun lloran a sus seres queridos y les otorgue fortaleza a todos los sobrevivientes que llevan heridas en sus cuerpos y en sus almas.<\/p>\n\n\n\n<p>Rezo por Ustedes. Fraternalmente, Francisco.<\/p>\n","protected":false},"excerpt":{"rendered":"<p>El sumo pont\u00edfice envi\u00f3 un mensaje en el aniversario del ataque terrorista, reclamando que \u201cactos tan repudiables de violencia no se repitan\u201d y pidiendo justicia para las v\u00edctimas. El\u00a0papa\u00a0Francisco\u00a0difundi\u00f3 este jueves una carta con motivo del 30\u00ba aniversario del atentado a la\u00a0AMIA, calific\u00e1ndolo como\u00a0\u201cuna tragedia oscura\u201d\u00a0y solicitando justicia para las v\u00edctimas. En su mensaje, el [&hellip;]<\/p>\n","protected":false},"author":2,"featured_media":8380,"comment_status":"open","ping_status":"open","sticky":false,"template":"","format":"standard","meta":{"footnotes":""},"categories":[20],"tags":[],"_links":{"self":[{"href":"https:\/\/enlamira.info\/index.php\/wp-json\/wp\/v2\/posts\/8378"}],"collection":[{"href":"https:\/\/enlamira.info\/index.php\/wp-json\/wp\/v2\/posts"}],"about":[{"href":"https:\/\/enlamira.info\/index.php\/wp-json\/wp\/v2\/types\/post"}],"author":[{"embeddable":true,"href":"https:\/\/enlamira.info\/index.php\/wp-json\/wp\/v2\/users\/2"}],"replies":[{"embeddable":true,"href":"https:\/\/enlamira.info\/index.php\/wp-json\/wp\/v2\/comments?post=8378"}],"version-history":[{"count":1,"href":"https:\/\/enlamira.info\/index.php\/wp-json\/wp\/v2\/posts\/8378\/revisions"}],"predecessor-version":[{"id":8379,"href":"https:\/\/enlamira.info\/index.php\/wp-json\/wp\/v2\/posts\/8378\/revisions\/8379"}],"wp:featuredmedia":[{"embeddable":true,"href":"https:\/\/enlamira.info\/index.php\/wp-json\/wp\/v2\/media\/8380"}],"wp:attachment":[{"href":"https:\/\/enlamira.info\/index.php\/wp-json\/wp\/v2\/media?parent=8378"}],"wp:term":[{"taxonomy":"category","embeddable":true,"href":"https:\/\/enlamira.info\/index.php\/wp-json\/wp\/v2\/categories?post=8378"},{"taxonomy":"post_tag","embeddable":true,"href":"https:\/\/enlamira.info\/index.php\/wp-json\/wp\/v2\/tags?post=8378"}],"curies":[{"name":"wp","href":"https:\/\/api.w.org\/{rel}","templated":true}]}}