{"id":8366,"date":"2024-07-18T18:34:59","date_gmt":"2024-07-18T21:34:59","guid":{"rendered":"https:\/\/enlamira.info\/?p=8366"},"modified":"2024-07-18T21:21:40","modified_gmt":"2024-07-19T00:21:40","slug":"crisis-politica-en-corrientes-desplazaron-a-la-cupula-de-la-policia-y-piden-el-desafuero-de-un-senador","status":"publish","type":"post","link":"https:\/\/enlamira.info\/index.php\/2024\/07\/18\/crisis-politica-en-corrientes-desplazaron-a-la-cupula-de-la-policia-y-piden-el-desafuero-de-un-senador\/","title":{"rendered":"Crisis pol\u00edtica en Corrientes: desplazaron a la c\u00fapula de la Polic\u00eda y piden el desafuero de un senador"},"content":{"rendered":"\n<p>En medio de la desaparici\u00f3n de Loan Danilo Pe\u00f1a, la gesti\u00f3n de Gustavo Vald\u00e9s cambi\u00f3 a todas las autoridades policiales y la Justicia pidi\u00f3 que se aparte a Diego Pellegrini de la Legislatura.<\/p>\n\n\n\n<p>Las repercusiones de la desaparici\u00f3n del peque\u00f1o\u00a0Loan Danilo Pe\u00f1a\u00a0en\u00a0Corrientes\u00a0siguen teniendo impacto en la pol\u00edtica provincial, tras el recambio del ministro de Seguridad, se orden\u00f3 el recambio de toda la c\u00fapula policial y la designaci\u00f3n de nuevas autoridades.<\/p>\n\n\n\n<p>As\u00ed lo indic\u00f3 el gobernador\u00a0Gustavo Vald\u00e9s, que se vio seriamente involucrado en la causa judicial, por sus v\u00ednculos con varios de los involucrados en el rapto del menor de cinco a\u00f1os que a\u00fan no aparece.<\/p>\n\n\n\n<p>Por un lado, el mandatario provincial puso en funciones a\u00a0Miguel \u00c1ngel Leguizam\u00f3n\u00a0y\u00a0Walter Aceval, ambos con el rango de comisario general de la\u00a0Polic\u00eda de Corrientes\u00a0e instruy\u00f3 a los nuevos jefes de la fuerza a pasar a retiro a todos aquellos agentes que cuenten con m\u00e1s de 30 a\u00f1os de servicio.<\/p>\n\n\n\n<p>Adem\u00e1s, la jueza federal a cargo de la investigaci\u00f3n\u00a0Cristina Pozzer Penzo, llam\u00f3 a declarar en calidad de testigo, al senador provincial\u00a0Diego Mart\u00edn Pellegrini, uno de los referentes m\u00e1s cercanos del Gobernador de Corrientes y quien fue se\u00f1alado por\u00a0Laudelina Pe\u00f1a, como quien, junto al abogado\u00a0Jos\u00e9 Codazzi\u00a0\u00edntimo de Vald\u00e9s, la amenazaron para declare la teor\u00eda de que a Loan lo hab\u00edan atropellado.<\/p>\n\n\n\n<p>Como consecuencia de ello,\u00a0en la Legislatura provincial pidieron el desafuero de Pellegrini,\u00a0para que pueda ser indagado por la Justicia en el marco de la desaparici\u00f3n del nene de cinco a\u00f1os, el pasado 13 de junio en la localidad correntina de 9 de julio.<\/p>\n","protected":false},"excerpt":{"rendered":"<p>En medio de la desaparici\u00f3n de Loan Danilo Pe\u00f1a, la gesti\u00f3n de Gustavo Vald\u00e9s cambi\u00f3 a todas las autoridades policiales y la Justicia pidi\u00f3 que se aparte a Diego Pellegrini de la Legislatura. Las repercusiones de la desaparici\u00f3n del peque\u00f1o\u00a0Loan Danilo Pe\u00f1a\u00a0en\u00a0Corrientes\u00a0siguen teniendo impacto en la pol\u00edtica provincial, tras el recambio del ministro de Seguridad, [&hellip;]<\/p>\n","protected":false},"author":2,"featured_media":8368,"comment_status":"open","ping_status":"open","sticky":false,"template":"","format":"standard","meta":{"footnotes":""},"categories":[20],"tags":[],"_links":{"self":[{"href":"https:\/\/enlamira.info\/index.php\/wp-json\/wp\/v2\/posts\/8366"}],"collection":[{"href":"https:\/\/enlamira.info\/index.php\/wp-json\/wp\/v2\/posts"}],"about":[{"href":"https:\/\/enlamira.info\/index.php\/wp-json\/wp\/v2\/types\/post"}],"author":[{"embeddable":true,"href":"https:\/\/enlamira.info\/index.php\/wp-json\/wp\/v2\/users\/2"}],"replies":[{"embeddable":true,"href":"https:\/\/enlamira.info\/index.php\/wp-json\/wp\/v2\/comments?post=8366"}],"version-history":[{"count":1,"href":"https:\/\/enlamira.info\/index.php\/wp-json\/wp\/v2\/posts\/8366\/revisions"}],"predecessor-version":[{"id":8367,"href":"https:\/\/enlamira.info\/index.php\/wp-json\/wp\/v2\/posts\/8366\/revisions\/8367"}],"wp:featuredmedia":[{"embeddable":true,"href":"https:\/\/enlamira.info\/index.php\/wp-json\/wp\/v2\/media\/8368"}],"wp:attachment":[{"href":"https:\/\/enlamira.info\/index.php\/wp-json\/wp\/v2\/media?parent=8366"}],"wp:term":[{"taxonomy":"category","embeddable":true,"href":"https:\/\/enlamira.info\/index.php\/wp-json\/wp\/v2\/categories?post=8366"},{"taxonomy":"post_tag","embeddable":true,"href":"https:\/\/enlamira.info\/index.php\/wp-json\/wp\/v2\/tags?post=8366"}],"curies":[{"name":"wp","href":"https:\/\/api.w.org\/{rel}","templated":true}]}}