{"id":8363,"date":"2024-07-18T18:33:15","date_gmt":"2024-07-18T21:33:15","guid":{"rendered":"https:\/\/enlamira.info\/?p=8363"},"modified":"2024-07-18T21:22:29","modified_gmt":"2024-07-19T00:22:29","slug":"tras-su-pelea-con-el-pro-el-oficialismo-no-logro-acuerdos-para-la-reforma-electoral-en-el-congreso","status":"publish","type":"post","link":"https:\/\/enlamira.info\/index.php\/2024\/07\/18\/tras-su-pelea-con-el-pro-el-oficialismo-no-logro-acuerdos-para-la-reforma-electoral-en-el-congreso\/","title":{"rendered":"Tras su pelea con el PRO, el oficialismo no logr\u00f3 acuerdos para la reforma electoral en el Congreso"},"content":{"rendered":"\n<p>La oposici\u00f3n dialoguista reclam\u00f3 por el pago de la coparticipaci\u00f3n a CABA y descart\u00f3 el apoyo a los proyectos que pretende el Gobierno en los pr\u00f3ximos meses.<\/p>\n\n\n\n<p>El Gobierno pretende obtener acuerdos pol\u00edticos para establecer una nueva agenda legislativa, por ello el jefe de Gabinete,\u00a0Guillermo Francos, convoc\u00f3 a los titulares de los bloques dialoguistas a una reuni\u00f3n en Casa Rosada. Sin embargo, las tensiones con el\u00a0PRO\u00a0y los reclamos por el despido de funcionarios dominaron el encuentro.<\/p>\n\n\n\n<p>De hecho, el diputado\u00a0Cristina Ritondo\u00a0reclam\u00f3 por el pago de la coparticipaci\u00f3n a la\u00a0Ciudad de Buenos Aires, tras la obtenci\u00f3n de un fallo favorable de la\u00a0Corte Suprema de Justicia, algo que el Gobierno hab\u00eda dicho que cumplir\u00eda pero aun no sucedi\u00f3.<\/p>\n\n\n\n<p>Desde el Ejecutivo indicaron que el ministro de Econom\u00eda,\u00a0Luis Caputo, trabaja en un plan para poder girar los fondos correspondientes al gobierno de\u00a0Jorge Macri, y as\u00ed acatar el fallo. Sin embargo, esto puede ocasionar una ola de reclamos por parte de los gobernadores y desatar una nueva guerra pol\u00edtica para\u00a0Javier Milei.<\/p>\n\n\n\n<p>Otro de los temas que los aliados del oficialismo pusieron sobre la mesa es la \u201cpreocupaci\u00f3n por lo que implica la reglamentaci\u00f3n de una multireforma\u201d, indic\u00f3 el titular del bloque de la\u00a0UCR,\u00a0Rodrigo de Loredo.<\/p>\n\n\n\n<p>\u201cSe reglament\u00f3 el blanqueo y la moratoria, y dec\u00edan que estaban por sacar la reglamentaci\u00f3n de Ganancias, del sistema hidrocarbur\u00edfero y la reglamentaci\u00f3n de RIGI.\u00a0Corresponde la preocupaci\u00f3n. Tanto nos cost\u00f3 la ley Bases, que queremos saber si las partes est\u00e1n en condiciones de ponerse en marcha\u201d, explic\u00f3 el radical.<\/p>\n\n\n\n<p>El oficialismo tiene como principal objetivo la\u00a0reforma pol\u00edtica, que implica una modificaci\u00f3n de la ley electoral, pero para ello necesita el acuerdo de los bloques m\u00e1s cercanos, ya que el kirchnerismo podr\u00eda bloquear la discusi\u00f3n legislativa.<\/p>\n\n\n\n<p>\u201cGuillermo les inform\u00f3 sobre\u00a0avance de la reglamentaci\u00f3n de la ley bases y paquete fiscal, hablaron sobre los lineamientos de la agenda legislativa a futuro e informaron que a la tarde van a presentar la reforma pol\u00edtica\u201d, se\u00f1alaron desde\u00a0Casa Rosada\u00a0a la prensa.<\/p>\n","protected":false},"excerpt":{"rendered":"<p>La oposici\u00f3n dialoguista reclam\u00f3 por el pago de la coparticipaci\u00f3n a CABA y descart\u00f3 el apoyo a los proyectos que pretende el Gobierno en los pr\u00f3ximos meses. El Gobierno pretende obtener acuerdos pol\u00edticos para establecer una nueva agenda legislativa, por ello el jefe de Gabinete,\u00a0Guillermo Francos, convoc\u00f3 a los titulares de los bloques dialoguistas a [&hellip;]<\/p>\n","protected":false},"author":2,"featured_media":8365,"comment_status":"open","ping_status":"open","sticky":false,"template":"","format":"standard","meta":{"footnotes":""},"categories":[20],"tags":[],"_links":{"self":[{"href":"https:\/\/enlamira.info\/index.php\/wp-json\/wp\/v2\/posts\/8363"}],"collection":[{"href":"https:\/\/enlamira.info\/index.php\/wp-json\/wp\/v2\/posts"}],"about":[{"href":"https:\/\/enlamira.info\/index.php\/wp-json\/wp\/v2\/types\/post"}],"author":[{"embeddable":true,"href":"https:\/\/enlamira.info\/index.php\/wp-json\/wp\/v2\/users\/2"}],"replies":[{"embeddable":true,"href":"https:\/\/enlamira.info\/index.php\/wp-json\/wp\/v2\/comments?post=8363"}],"version-history":[{"count":1,"href":"https:\/\/enlamira.info\/index.php\/wp-json\/wp\/v2\/posts\/8363\/revisions"}],"predecessor-version":[{"id":8364,"href":"https:\/\/enlamira.info\/index.php\/wp-json\/wp\/v2\/posts\/8363\/revisions\/8364"}],"wp:featuredmedia":[{"embeddable":true,"href":"https:\/\/enlamira.info\/index.php\/wp-json\/wp\/v2\/media\/8365"}],"wp:attachment":[{"href":"https:\/\/enlamira.info\/index.php\/wp-json\/wp\/v2\/media?parent=8363"}],"wp:term":[{"taxonomy":"category","embeddable":true,"href":"https:\/\/enlamira.info\/index.php\/wp-json\/wp\/v2\/categories?post=8363"},{"taxonomy":"post_tag","embeddable":true,"href":"https:\/\/enlamira.info\/index.php\/wp-json\/wp\/v2\/tags?post=8363"}],"curies":[{"name":"wp","href":"https:\/\/api.w.org\/{rel}","templated":true}]}}