{"id":834,"date":"2024-03-12T15:17:45","date_gmt":"2024-03-12T18:17:45","guid":{"rendered":"https:\/\/enlamira.info\/?p=834"},"modified":"2024-03-12T16:09:16","modified_gmt":"2024-03-12T19:09:16","slug":"nicolas-otamendi-sobre-su-posible-llegada-a-river-se-me-hace-cada-vez-mas-dificil","status":"publish","type":"post","link":"https:\/\/enlamira.info\/index.php\/2024\/03\/12\/nicolas-otamendi-sobre-su-posible-llegada-a-river-se-me-hace-cada-vez-mas-dificil\/","title":{"rendered":"Nicol\u00e1s Otamendi sobre su posible llegada a River: \u201cSe me hace cada vez m\u00e1s dif\u00edcil\u201d"},"content":{"rendered":"\n<p>El zaguero de la Selecci\u00f3n Argentina explic\u00f3 que se siente muy c\u00f3modo actualmente en Benfica<\/p>\n\n\n\n<p>Hace ya varias temporadas que los hinchas de\u00a0River, principalmente luego de la consagraci\u00f3n de la Selecci\u00f3n Argentina en el Mundial de Qatar 2022,\u00a0est\u00e1n ilusionados con que Nicol\u00e1s Otamendi se ponga la Banda Roja.<\/p>\n\n\n\n<p>En m\u00e1s de una ocasi\u00f3n,\u00a0el propio Otamendi confes\u00f3 que es muy hincha del Millonario\u00a0y que le encantar\u00eda vestir esos colores en el f\u00fatbol argentino, pero esa opci\u00f3n parece cada vez m\u00e1s lejana.<\/p>\n\n\n\n<p>Justamente,\u00a0el propio marcador central del Benfica fue quien se refiri\u00f3 a esa situaci\u00f3n durante las \u00faltimas horas, en di\u00e1logo con D Sports.<\/p>\n\n\n\n<p>\u201c\u00bfVolver para jugar en\u00a0River? Estoy muy c\u00f3modo ac\u00e1 en Benfica. Yo soy hincha de\u00a0River\u00a0desde muy chico, pero nada, trato de vivir el d\u00eda a d\u00eda. Mi familia est\u00e1 muy c\u00f3moda ac\u00e1.\u00a0Se me hace cada vez m\u00e1s dif\u00edcil volver al pa\u00eds, est\u00e1 muy complicado\u201d, explic\u00f3.<\/p>\n\n\n\n<p>Por otro lado, s\u00ed confes\u00f3 su deseo de participar de los Juegos Ol\u00edmpicos con la Selecci\u00f3n Argentina Sub-23:\u00a0\u201cNunca tuve la oportunidad de hacer juveniles en la Selecci\u00f3n y estar como mayor en los Juegos Ol\u00edmpicos ser\u00eda un sue\u00f1o.\u00a0La decisi\u00f3n es de Mascherano pero yo siempre voy a estar disponible para vestir la camiseta de la Selecci\u00f3n\u201d, solt\u00f3.<\/p>\n","protected":false},"excerpt":{"rendered":"<p>El zaguero de la Selecci\u00f3n Argentina explic\u00f3 que se siente muy c\u00f3modo actualmente en Benfica Hace ya varias temporadas que los hinchas de\u00a0River, principalmente luego de la consagraci\u00f3n de la Selecci\u00f3n Argentina en el Mundial de Qatar 2022,\u00a0est\u00e1n ilusionados con que Nicol\u00e1s Otamendi se ponga la Banda Roja. En m\u00e1s de una ocasi\u00f3n,\u00a0el propio Otamendi [&hellip;]<\/p>\n","protected":false},"author":2,"featured_media":836,"comment_status":"open","ping_status":"open","sticky":false,"template":"","format":"standard","meta":{"footnotes":""},"categories":[14],"tags":[],"_links":{"self":[{"href":"https:\/\/enlamira.info\/index.php\/wp-json\/wp\/v2\/posts\/834"}],"collection":[{"href":"https:\/\/enlamira.info\/index.php\/wp-json\/wp\/v2\/posts"}],"about":[{"href":"https:\/\/enlamira.info\/index.php\/wp-json\/wp\/v2\/types\/post"}],"author":[{"embeddable":true,"href":"https:\/\/enlamira.info\/index.php\/wp-json\/wp\/v2\/users\/2"}],"replies":[{"embeddable":true,"href":"https:\/\/enlamira.info\/index.php\/wp-json\/wp\/v2\/comments?post=834"}],"version-history":[{"count":2,"href":"https:\/\/enlamira.info\/index.php\/wp-json\/wp\/v2\/posts\/834\/revisions"}],"predecessor-version":[{"id":838,"href":"https:\/\/enlamira.info\/index.php\/wp-json\/wp\/v2\/posts\/834\/revisions\/838"}],"wp:featuredmedia":[{"embeddable":true,"href":"https:\/\/enlamira.info\/index.php\/wp-json\/wp\/v2\/media\/836"}],"wp:attachment":[{"href":"https:\/\/enlamira.info\/index.php\/wp-json\/wp\/v2\/media?parent=834"}],"wp:term":[{"taxonomy":"category","embeddable":true,"href":"https:\/\/enlamira.info\/index.php\/wp-json\/wp\/v2\/categories?post=834"},{"taxonomy":"post_tag","embeddable":true,"href":"https:\/\/enlamira.info\/index.php\/wp-json\/wp\/v2\/tags?post=834"}],"curies":[{"name":"wp","href":"https:\/\/api.w.org\/{rel}","templated":true}]}}