{"id":8327,"date":"2024-07-17T18:38:00","date_gmt":"2024-07-17T21:38:00","guid":{"rendered":"https:\/\/enlamira.info\/?p=8327"},"modified":"2024-07-17T21:08:33","modified_gmt":"2024-07-18T00:08:33","slug":"la-cgt-apunto-al-gobierno-por-la-reforma-laboral-si-no-cumplen-veremos-que-camino-adoptar","status":"publish","type":"post","link":"https:\/\/enlamira.info\/index.php\/2024\/07\/17\/la-cgt-apunto-al-gobierno-por-la-reforma-laboral-si-no-cumplen-veremos-que-camino-adoptar\/","title":{"rendered":"La CGT apunt\u00f3 al Gobierno por la reforma laboral: \u201cSi no cumplen, veremos qu\u00e9 camino adoptar\u201d"},"content":{"rendered":"\n<p>Tras reunirse con el secretario de Trabajo, la central obrera reiter\u00f3 el pedido de modificaci\u00f3n en el decreto reglamentario de la nueva normativa laboral y advirti\u00f3 sobre otro posible paro general.<\/p>\n\n\n\n<p>Mientras el Gobierno intenta llegar a un acuerdo con la\u00a0Confederaci\u00f3n General del Trabajo\u00a0(CGT), para evitar un nuevo paro general en medio de la crisis econ\u00f3mica y la recesi\u00f3n, desde la central obrera advirtieron que si no se llega a un acuerdo por la reforma laboral, podr\u00edan venir nuevas medidas de fuerza.<\/p>\n\n\n\n<p>De hecho, el secretario de Trabajo de la Naci\u00f3n,\u00a0Julio Cordero, se reuni\u00f3 el pasado martes con algunos de los l\u00edderes cegetistas, entre los que no estuvo\u00a0Pablo Moyano, para comenzar a establecer algunos puntos en com\u00fan y bajarle el tono al conflicto gremial.<\/p>\n\n\n\n<p>Tras el encuentro uno de los integrantes del Consejo Directivo de la central sindical,\u00a0Andr\u00e9s Rodr\u00edguez, adelant\u00f3 que si desde el Gobierno \u201cno cumplen, veremos qu\u00e9 camino adoptar\u201d, haciendo referencia a posibles nuevos paros generales, como ya ocurri\u00f3 en enero y mayo de este a\u00f1o.<\/p>\n\n\n\n<p>\u201cLe dijimos a Cordero que como se\u00f1al ser\u00eda \u00fatil el retiro de la impugnaci\u00f3n en la\u00a0Corte Suprema, ya que la reforma laboral en el\u00a0Decreto de Necesidad y Urgencia\u00a0(DNU) de desregulaci\u00f3n de la econom\u00eda fue declarada institucional por C\u00e1mara laboral, lo que fue impugnado por el Gobierno. Ya que la reforma laboral fue aprobada en la\u00a0Ley Bases, reclamamos que se retire esa impugnaci\u00f3n\u201d, explic\u00f3 el referente.<\/p>\n\n\n\n<p>El titular del gremio\u00a0UPCN\u00a0sostuvo adem\u00e1s que \u201caunque la reforma laboral en la Ley Bases fue atenuada en el Congreso, consideramos que tiene puntos a aclarar, por eso pretendemos intervenir en el decreto reglamentario,\u00a0Cordero dijo que hablar\u00e1 con empresarios para hacer una comisi\u00f3n tripartita, integrada por gremios, empresarios y el Gobierno, en principio t\u00e9cnica y luego con decisi\u00f3n dirigencial para ver si pod\u00edamos congeniar en lo reglamentario\u201d.<\/p>\n\n\n\n<p>Por su parte, Cordero dijo: \u201cEn el marco de una reuni\u00f3n cordial, recibimos las principales preocupaciones planteadas por los dirigentes de la CGT y hemos propuesto la constituci\u00f3n de una mesa de di\u00e1logo social tripartito que incluya al sector empresario. Definimos que, luego del encuentro que tenemos previsto en la Secretar\u00eda con representantes del sector empresarial la semana pr\u00f3xima,\u00a0constituiremos una mesa de di\u00e1logo para abordar los temas de inter\u00e9s de todas las partes\u201d.<\/p>\n","protected":false},"excerpt":{"rendered":"<p>Tras reunirse con el secretario de Trabajo, la central obrera reiter\u00f3 el pedido de modificaci\u00f3n en el decreto reglamentario de la nueva normativa laboral y advirti\u00f3 sobre otro posible paro general. Mientras el Gobierno intenta llegar a un acuerdo con la\u00a0Confederaci\u00f3n General del Trabajo\u00a0(CGT), para evitar un nuevo paro general en medio de la crisis [&hellip;]<\/p>\n","protected":false},"author":2,"featured_media":8329,"comment_status":"open","ping_status":"open","sticky":false,"template":"","format":"standard","meta":{"footnotes":""},"categories":[20],"tags":[],"_links":{"self":[{"href":"https:\/\/enlamira.info\/index.php\/wp-json\/wp\/v2\/posts\/8327"}],"collection":[{"href":"https:\/\/enlamira.info\/index.php\/wp-json\/wp\/v2\/posts"}],"about":[{"href":"https:\/\/enlamira.info\/index.php\/wp-json\/wp\/v2\/types\/post"}],"author":[{"embeddable":true,"href":"https:\/\/enlamira.info\/index.php\/wp-json\/wp\/v2\/users\/2"}],"replies":[{"embeddable":true,"href":"https:\/\/enlamira.info\/index.php\/wp-json\/wp\/v2\/comments?post=8327"}],"version-history":[{"count":1,"href":"https:\/\/enlamira.info\/index.php\/wp-json\/wp\/v2\/posts\/8327\/revisions"}],"predecessor-version":[{"id":8328,"href":"https:\/\/enlamira.info\/index.php\/wp-json\/wp\/v2\/posts\/8327\/revisions\/8328"}],"wp:featuredmedia":[{"embeddable":true,"href":"https:\/\/enlamira.info\/index.php\/wp-json\/wp\/v2\/media\/8329"}],"wp:attachment":[{"href":"https:\/\/enlamira.info\/index.php\/wp-json\/wp\/v2\/media?parent=8327"}],"wp:term":[{"taxonomy":"category","embeddable":true,"href":"https:\/\/enlamira.info\/index.php\/wp-json\/wp\/v2\/categories?post=8327"},{"taxonomy":"post_tag","embeddable":true,"href":"https:\/\/enlamira.info\/index.php\/wp-json\/wp\/v2\/tags?post=8327"}],"curies":[{"name":"wp","href":"https:\/\/api.w.org\/{rel}","templated":true}]}}