{"id":8323,"date":"2024-07-17T18:36:53","date_gmt":"2024-07-17T21:36:53","guid":{"rendered":"https:\/\/enlamira.info\/?p=8323"},"modified":"2024-07-17T21:10:30","modified_gmt":"2024-07-18T00:10:30","slug":"iran-amenazo-a-milei-por-su-cercania-con-israel-en-el-momento-adecuado-haremos-que-se-arrepienta","status":"publish","type":"post","link":"https:\/\/enlamira.info\/index.php\/2024\/07\/17\/iran-amenazo-a-milei-por-su-cercania-con-israel-en-el-momento-adecuado-haremos-que-se-arrepienta\/","title":{"rendered":"Ir\u00e1n amenaz\u00f3 a Milei por su cercan\u00eda con Israel: \u201cEn el momento adecuado, haremos que se arrepienta\u201d"},"content":{"rendered":"\n<p>Al cumplirse 30 a\u00f1os del atentado a la AMIA, la Rep\u00fablica Isl\u00e1mica acus\u00f3 al Presidente de estar bajo el \u201cr\u00e9gimen sionista\u201d y lo tild\u00f3 de hacer \u201cderecha populista\u201d.<\/p>\n\n\n\n<p>En v\u00edsperas de un nuevo aniversario del atentado terrorista contra la\u00a0Asociaci\u00f3n Mutual Israel\u00ed Argentina\u00a0(AMIA) en el que murieron 85 personas, la\u00a0Rep\u00fablica Isl\u00e1mica de Ir\u00e1n\u00a0critic\u00f3 al presidente\u00a0Javier Milei\u00a0por su cercan\u00eda con\u00a0Israel\u00a0y advirti\u00f3 que tomar\u00e1 represalias.<\/p>\n\n\n\n<p>\u201cSin duda,\u00a0Teher\u00e1n no olvidar\u00e1 las pol\u00edticas anti iran\u00edes de Buenos Aires.\u00a0Pero Ir\u00e1n ha demostrado que no juega f\u00e1cilmente en el tablero de ajedrez del enemigo, pero en el momento adecuado y en la posici\u00f3n correcta, impondr\u00e1 su propio juego al enemigo y\u00a0har\u00e1 que se arrepienta de su enemistad con Ir\u00e1n\u201d, indicaron.<\/p>\n\n\n\n<p>A trav\u00e9s de un editorial el diario\u00a0<em>Tehran Times,<\/em>\u00a0canal directo de los l\u00edderes del Islam iran\u00ed, tildaron de \u201cineficaz\u201d al \u201cgobierno de izquierda del Sr.\u00a0Alberto Fern\u00e1ndez\u201d, y remarcan que \u201cel gobierno de derecha de Javier Milei asumi\u00f3 el cargo con esl\u00f3ganes populistas\u201d.<\/p>\n\n\n\n<p>\u201cRespetando a los votantes argentinos (por supuesto, est\u00e1n surgiendo signos de remordimiento de los votantes), el\u00a0nuevo presidente de Argentina, que no ha ocultado su inter\u00e9s en los sionistas y el r\u00e9gimen israel\u00ed que mata a ni\u00f1os,\u00a0ha estado en el camino del escenario anti iran\u00ed del r\u00e9gimen sionista desde que lleg\u00f3 al poder y, como t\u00edtere del r\u00e9gimen sionista, est\u00e1 repitiendo afirmaciones infundadas contra la Rep\u00fablica Isl\u00e1mica y amenazando a los ciudadanos iran\u00edes\u201d, se\u00f1ala el texto.<\/p>\n\n\n\n<p>El enojo del r\u00e9gimen iran\u00ed proviene de la decisi\u00f3n de la gesti\u00f3n libertaria de designar a Hamas como organizaci\u00f3n terrorista y ordenar la congelaci\u00f3n de los activos financieros del grupo palestino respaldado por Ir\u00e1n. De hecho, el pasado s\u00e1bado el portavoz de la canciller\u00eda iran\u00ed,\u00a0Nasser Kanaani, consider\u00f3\u00a0\u201ciranof\u00f3bicas\u201d las declaraciones de la oficina del presidente\u00a0Milei.<\/p>\n\n\n\n<p>\u201cConsideramos que esta decisi\u00f3n injusta es err\u00f3nea y parcial a favor de la ocupaci\u00f3n nazi, que se encuentra ante la\u00a0Corte Internacional de Justicia\u00a0por cometer el crimen de genocidio contra nuestro pueblo palestino\u201d, indic\u00f3 el Canciller iran\u00ed. Adem\u00e1s, convoc\u00f3 al Gobierno a que \u201cse abstenga de alinearse con la narrativa criminal de la ocupaci\u00f3n sionista y se ponga del lado de la justicia\u00a0y el derecho de los pueblos a la libertad y la autodeterminaci\u00f3n\u201d.<\/p>\n","protected":false},"excerpt":{"rendered":"<p>Al cumplirse 30 a\u00f1os del atentado a la AMIA, la Rep\u00fablica Isl\u00e1mica acus\u00f3 al Presidente de estar bajo el \u201cr\u00e9gimen sionista\u201d y lo tild\u00f3 de hacer \u201cderecha populista\u201d. En v\u00edsperas de un nuevo aniversario del atentado terrorista contra la\u00a0Asociaci\u00f3n Mutual Israel\u00ed Argentina\u00a0(AMIA) en el que murieron 85 personas, la\u00a0Rep\u00fablica Isl\u00e1mica de Ir\u00e1n\u00a0critic\u00f3 al presidente\u00a0Javier Milei\u00a0por [&hellip;]<\/p>\n","protected":false},"author":2,"featured_media":8326,"comment_status":"open","ping_status":"open","sticky":false,"template":"","format":"standard","meta":{"footnotes":""},"categories":[20],"tags":[],"_links":{"self":[{"href":"https:\/\/enlamira.info\/index.php\/wp-json\/wp\/v2\/posts\/8323"}],"collection":[{"href":"https:\/\/enlamira.info\/index.php\/wp-json\/wp\/v2\/posts"}],"about":[{"href":"https:\/\/enlamira.info\/index.php\/wp-json\/wp\/v2\/types\/post"}],"author":[{"embeddable":true,"href":"https:\/\/enlamira.info\/index.php\/wp-json\/wp\/v2\/users\/2"}],"replies":[{"embeddable":true,"href":"https:\/\/enlamira.info\/index.php\/wp-json\/wp\/v2\/comments?post=8323"}],"version-history":[{"count":1,"href":"https:\/\/enlamira.info\/index.php\/wp-json\/wp\/v2\/posts\/8323\/revisions"}],"predecessor-version":[{"id":8324,"href":"https:\/\/enlamira.info\/index.php\/wp-json\/wp\/v2\/posts\/8323\/revisions\/8324"}],"wp:featuredmedia":[{"embeddable":true,"href":"https:\/\/enlamira.info\/index.php\/wp-json\/wp\/v2\/media\/8326"}],"wp:attachment":[{"href":"https:\/\/enlamira.info\/index.php\/wp-json\/wp\/v2\/media?parent=8323"}],"wp:term":[{"taxonomy":"category","embeddable":true,"href":"https:\/\/enlamira.info\/index.php\/wp-json\/wp\/v2\/categories?post=8323"},{"taxonomy":"post_tag","embeddable":true,"href":"https:\/\/enlamira.info\/index.php\/wp-json\/wp\/v2\/tags?post=8323"}],"curies":[{"name":"wp","href":"https:\/\/api.w.org\/{rel}","templated":true}]}}