{"id":8313,"date":"2024-07-17T18:33:30","date_gmt":"2024-07-17T21:33:30","guid":{"rendered":"https:\/\/enlamira.info\/?p=8313"},"modified":"2024-07-17T21:15:42","modified_gmt":"2024-07-18T00:15:42","slug":"echaron-a-teddy-karagozian-el-asesor-economico-que-habia-criticado-el-programa-de-luis-caputo","status":"publish","type":"post","link":"https:\/\/enlamira.info\/index.php\/2024\/07\/17\/echaron-a-teddy-karagozian-el-asesor-economico-que-habia-criticado-el-programa-de-luis-caputo\/","title":{"rendered":"Echaron a Teddy Karagozian: el asesor econ\u00f3mico que hab\u00eda criticado el programa de Luis Caputo"},"content":{"rendered":"\n<p>Lo anunci\u00f3 el vocero presidencial, Manuel Adorni, a trav\u00e9s de las redes sociales. La medida llega pocas semanas despu\u00e9s de la salida de Fausto Spotorno, otro economista que hab\u00eda criticado los anuncios oficiales.<\/p>\n\n\n\n<p>El Gobierno decidi\u00f3 apartar a\u00a0Teddy\u00a0Karagozian\u00a0del consejo de asesores\u00a0econ\u00f3micos\u00a0que acompa\u00f1a al presidente\u00a0Javier\u00a0Milei.\u00a0El vocero presidencial,\u00a0Manuel Adorni, hizo p\u00fablica la decisi\u00f3n a trav\u00e9s de su cuenta en la red social X (anteriormente conocida como Twitter).<\/p>\n\n\n\n<p>\u201cDemian Reidel, Jefe de Asesores del Presidente de la Naci\u00f3n, ha tomado la decisi\u00f3n de apartar del Consejo que preside a uno de sus miembros: Teddy Karagozian. Fin\u201d, public\u00f3\u00a0<strong>Adorni<\/strong>.<\/p>\n\n\n\n<p>La decisi\u00f3n llega despu\u00e9s de las declaraciones p\u00fablicas del industrial textil, en las que se lamentaba porque \u201cel d\u00f3lar est\u00e1 atrasado\u201d y critic\u00f3 la decisi\u00f3n de la Secretar\u00eda de Industria y Comercio de eliminar el control aduanero del etiquetado de los productos textiles y de calzado que ingresan al pa\u00eds.<\/p>\n\n\n\n<p>Esta medida se suma a otra reciente y resonante salida del grupo de expertos que asesoran a Milei: la del economista\u00a0Fausto Spotorno, que tuvo lugar a principios de este mes y que, como en este caso, sigui\u00f3 a cr\u00edticas p\u00fablicas a decisiones econ\u00f3micas del Gobierno.<\/p>\n\n\n\n<p>Karagozian\u00a0conoce al l\u00edder libertario desde marzo de 2017 y fue confirmado en su rol de asesor hace apenas 10 d\u00edas por parte del propio Adorni. Sin embargo, en una entrevista televisiva concedida a LN+, el asesor emiti\u00f3 duras cr\u00edticas hacia la administraci\u00f3n actual.<\/p>\n\n\n\n<p>\u201cCuando ambos critic\u00e1bamos la pol\u00edtica del gobierno de (Mauricio) Macri, sab\u00edamos que se estaban estrellando\u201d, coment\u00f3.<\/p>\n\n\n\n<p>\u201c\u00bfEste Gobierno se estrella o no?\u201d, le pregunt\u00f3 el periodista Eduardo Feinmann, a lo que Karagozian respondi\u00f3 que no solo el kirchnerismo, sino tambi\u00e9n \u201cmuchos economistas -renombrados, m\u00e1s o menos liberales, m\u00e1s o menos de izquierda, m\u00e1s o menos de derecha- creen que no nos alcanzan los d\u00f3lares vendi\u00e9ndolos a $900 o $1.000 pesos\u201d. Y agreg\u00f3: \u201cCreen que a $1.500 podr\u00eda ser; yo soy de los que cree que a $1.500 tampoco, porque cuando lo comparan con la \u00e9poca de (Carlos) Menem, no se acuerdan que en ese momento el Estado era el 20-25% del PBI y hoy es casi el 50%\u201d.<\/p>\n\n\n\n<p>Con estas declaraciones, Karagozian se suma a la lista de asesores econ\u00f3micos que han sido removidos por expresar opiniones cr\u00edticas sobre las pol\u00edticas del Gobierno. La noticia est\u00e1 en desarrollo y se esperan m\u00e1s reacciones en las pr\u00f3ximas horas.<\/p>\n","protected":false},"excerpt":{"rendered":"<p>Lo anunci\u00f3 el vocero presidencial, Manuel Adorni, a trav\u00e9s de las redes sociales. La medida llega pocas semanas despu\u00e9s de la salida de Fausto Spotorno, otro economista que hab\u00eda criticado los anuncios oficiales. El Gobierno decidi\u00f3 apartar a\u00a0Teddy\u00a0Karagozian\u00a0del consejo de asesores\u00a0econ\u00f3micos\u00a0que acompa\u00f1a al presidente\u00a0Javier\u00a0Milei.\u00a0El vocero presidencial,\u00a0Manuel Adorni, hizo p\u00fablica la decisi\u00f3n a trav\u00e9s de su [&hellip;]<\/p>\n","protected":false},"author":2,"featured_media":8315,"comment_status":"open","ping_status":"open","sticky":false,"template":"","format":"standard","meta":{"footnotes":""},"categories":[22],"tags":[],"_links":{"self":[{"href":"https:\/\/enlamira.info\/index.php\/wp-json\/wp\/v2\/posts\/8313"}],"collection":[{"href":"https:\/\/enlamira.info\/index.php\/wp-json\/wp\/v2\/posts"}],"about":[{"href":"https:\/\/enlamira.info\/index.php\/wp-json\/wp\/v2\/types\/post"}],"author":[{"embeddable":true,"href":"https:\/\/enlamira.info\/index.php\/wp-json\/wp\/v2\/users\/2"}],"replies":[{"embeddable":true,"href":"https:\/\/enlamira.info\/index.php\/wp-json\/wp\/v2\/comments?post=8313"}],"version-history":[{"count":1,"href":"https:\/\/enlamira.info\/index.php\/wp-json\/wp\/v2\/posts\/8313\/revisions"}],"predecessor-version":[{"id":8314,"href":"https:\/\/enlamira.info\/index.php\/wp-json\/wp\/v2\/posts\/8313\/revisions\/8314"}],"wp:featuredmedia":[{"embeddable":true,"href":"https:\/\/enlamira.info\/index.php\/wp-json\/wp\/v2\/media\/8315"}],"wp:attachment":[{"href":"https:\/\/enlamira.info\/index.php\/wp-json\/wp\/v2\/media?parent=8313"}],"wp:term":[{"taxonomy":"category","embeddable":true,"href":"https:\/\/enlamira.info\/index.php\/wp-json\/wp\/v2\/categories?post=8313"},{"taxonomy":"post_tag","embeddable":true,"href":"https:\/\/enlamira.info\/index.php\/wp-json\/wp\/v2\/tags?post=8313"}],"curies":[{"name":"wp","href":"https:\/\/api.w.org\/{rel}","templated":true}]}}