{"id":8305,"date":"2024-07-17T18:31:46","date_gmt":"2024-07-17T21:31:46","guid":{"rendered":"https:\/\/enlamira.info\/?p=8305"},"modified":"2024-07-17T21:17:58","modified_gmt":"2024-07-18T00:17:58","slug":"javier-milei-apunto-contra-julio-garro-y-su-futuro-en-el-gobierno-corre-peligro","status":"publish","type":"post","link":"https:\/\/enlamira.info\/index.php\/2024\/07\/17\/javier-milei-apunto-contra-julio-garro-y-su-futuro-en-el-gobierno-corre-peligro\/","title":{"rendered":"Javier Milei apunt\u00f3 contra Julio Garro y su futuro en el Gobierno corre peligro"},"content":{"rendered":"\n<p>El Presidente, a trav\u00e9s de sus redes sociales, expuso su postura opuesta a las declaraciones del subsecretario de Deportes.<\/p>\n\n\n\n<p>El subsecretario de Deportes de la\u00a0Naci\u00f3n,\u00a0Julio Garro,\u00a0solicit\u00f3 p\u00fablicamente\u00a0este mi\u00e9rcoles que\u00a0Claudio \u201cChiqui\u201d Tapia, presidente de la Asociaci\u00f3n del F\u00fatbol Argentino (AFA), y\u00a0Lionel Messi, capit\u00e1n de la Selecci\u00f3n Nacional, pidan\u00a0disculpas por los\u00a0cantos racistas durante los festejos\u00a0de la Copa Am\u00e9rica.<\/p>\n\n\n\n<p>\u201cCreo que el capit\u00e1n de la Selecci\u00f3n debe salir a pedir las disculpas del caso. Lo mismo el presidente de la AFA. Creo que corresponde\u201d, expres\u00f3 Garro en una entrevista con\u00a0<em>Urbana Play<\/em>. Las declaraciones no fueron bien recibidas por el presidente\u00a0Javier Milei, quien lo hizo saber en sus redes sociales.<\/p>\n\n\n\n<figure class=\"wp-block-image size-large\"><img loading=\"lazy\" decoding=\"async\" width=\"625\" height=\"1024\" src=\"https:\/\/enlamira.info\/wp-content\/uploads\/2024\/07\/image-12-625x1024.png\" alt=\"\" class=\"wp-image-8306\" srcset=\"https:\/\/enlamira.info\/wp-content\/uploads\/2024\/07\/image-12-625x1024.png 625w, https:\/\/enlamira.info\/wp-content\/uploads\/2024\/07\/image-12-183x300.png 183w, https:\/\/enlamira.info\/wp-content\/uploads\/2024\/07\/image-12-768x1258.png 768w, https:\/\/enlamira.info\/wp-content\/uploads\/2024\/07\/image-12.png 916w\" sizes=\"(max-width: 625px) 100vw, 625px\" \/><\/figure>\n\n\n\n<p>El jefe de Estado comparti\u00f3 una publicaci\u00f3n de Twitter que expresaba: \u201cTodos sabemos lo que el javo ama y banca a Messi incluso desde que era totalmente criticado\u2026 Decir que Messi tiene que PEDIR DISCULPAS a unos europeos colonizadores por una canci\u00f3n que encima dice la verdad,\u00a0es ir TOTALMENTE EN CONTRA de la ideolog\u00eda del javo\u201c.<\/p>\n\n\n\n<p>El tuit publicado por el usuario\u00a0<em>@elpittttt\u00a0<\/em>y compartido por\u00a0Javier Milei\u00a0cierra con un contundente pedido:\u00a0\u201cGARRO TIENE QUE ESTAR AFUERA YA MISMO\u201d. En dicha publicaci\u00f3n tambi\u00e9n se adjunta una vieja entrevista en\u00a0<em>Canal de la Ciudad<\/em>\u00a0donde se lo presentaba a Milei como \u201cEl estadista Messianico\u201d.<\/p>\n\n\n\n<h3 class=\"wp-block-heading\">Julio Garro desminti\u00f3 sus propias declaraciones<\/h3>\n\n\n\n<p>Tras la entrevista que realiz\u00f3 y la pol\u00e9mica surgida a partir de sus dichos, el funcionario expres\u00f3 en sus redes sociales: \u201cDesmiento categ\u00f3ricamente que haya solicitado a Messi que pida disculpas. Ser\u00eda una falta de respeto a quien nos honra permanentemente con su calidad humana y deportiva\u201d.<\/p>\n","protected":false},"excerpt":{"rendered":"<p>El Presidente, a trav\u00e9s de sus redes sociales, expuso su postura opuesta a las declaraciones del subsecretario de Deportes. El subsecretario de Deportes de la\u00a0Naci\u00f3n,\u00a0Julio Garro,\u00a0solicit\u00f3 p\u00fablicamente\u00a0este mi\u00e9rcoles que\u00a0Claudio \u201cChiqui\u201d Tapia, presidente de la Asociaci\u00f3n del F\u00fatbol Argentino (AFA), y\u00a0Lionel Messi, capit\u00e1n de la Selecci\u00f3n Nacional, pidan\u00a0disculpas por los\u00a0cantos racistas durante los festejos\u00a0de la Copa [&hellip;]<\/p>\n","protected":false},"author":2,"featured_media":8309,"comment_status":"open","ping_status":"open","sticky":false,"template":"","format":"standard","meta":{"footnotes":""},"categories":[20],"tags":[],"_links":{"self":[{"href":"https:\/\/enlamira.info\/index.php\/wp-json\/wp\/v2\/posts\/8305"}],"collection":[{"href":"https:\/\/enlamira.info\/index.php\/wp-json\/wp\/v2\/posts"}],"about":[{"href":"https:\/\/enlamira.info\/index.php\/wp-json\/wp\/v2\/types\/post"}],"author":[{"embeddable":true,"href":"https:\/\/enlamira.info\/index.php\/wp-json\/wp\/v2\/users\/2"}],"replies":[{"embeddable":true,"href":"https:\/\/enlamira.info\/index.php\/wp-json\/wp\/v2\/comments?post=8305"}],"version-history":[{"count":1,"href":"https:\/\/enlamira.info\/index.php\/wp-json\/wp\/v2\/posts\/8305\/revisions"}],"predecessor-version":[{"id":8307,"href":"https:\/\/enlamira.info\/index.php\/wp-json\/wp\/v2\/posts\/8305\/revisions\/8307"}],"wp:featuredmedia":[{"embeddable":true,"href":"https:\/\/enlamira.info\/index.php\/wp-json\/wp\/v2\/media\/8309"}],"wp:attachment":[{"href":"https:\/\/enlamira.info\/index.php\/wp-json\/wp\/v2\/media?parent=8305"}],"wp:term":[{"taxonomy":"category","embeddable":true,"href":"https:\/\/enlamira.info\/index.php\/wp-json\/wp\/v2\/categories?post=8305"},{"taxonomy":"post_tag","embeddable":true,"href":"https:\/\/enlamira.info\/index.php\/wp-json\/wp\/v2\/tags?post=8305"}],"curies":[{"name":"wp","href":"https:\/\/api.w.org\/{rel}","templated":true}]}}