{"id":830,"date":"2024-03-11T21:36:08","date_gmt":"2024-03-12T00:36:08","guid":{"rendered":"https:\/\/enlamira.info\/?p=830"},"modified":"2024-03-11T21:37:24","modified_gmt":"2024-03-12T00:37:24","slug":"rosario-el-gobierno-convoco-a-policias-retirados-para-custodiar-escuelas-y-hospitales","status":"publish","type":"post","link":"https:\/\/enlamira.info\/index.php\/2024\/03\/11\/rosario-el-gobierno-convoco-a-policias-retirados-para-custodiar-escuelas-y-hospitales\/","title":{"rendered":"Rosario: el Gobierno convoc\u00f3 a polic\u00edas retirados para custodiar escuelas y hospitales"},"content":{"rendered":"\n<p>El Ministerio de Seguridad y Justicia de Santa Fe realiz\u00f3 una convocatoria para aquellos efectivos retirados que cumplan con los nuevos requisitos de la Ley de emergencia en Seguridad.<\/p>\n\n\n\n<p>En el marco del megaoperativo de seguridad lanzado en Rosario, que incluy\u00f3 el despliegue de fuerzas de seguridad federales, el Ministerio de Seguridad y Justicia de Santa Fe lanz\u00f3 una convocatoria para reincorporar a polic\u00edas retirados.A trav\u00e9s de las redes sociales de la Gobernaci\u00f3n, se inform\u00f3: \u201cConvocatoria a Personal Retirado de la Polic\u00eda. Se abre la convocatoria para ser incorporado en funciones de custodia de escuelas, hospitales y otras instituciones p\u00fablicas de Rosario\u201d.Para inscribirse, los interesados deber\u00e1n hacerlo de manera presencial en el Ministerio de Justicia y Seguridad, situado en calle Santa Fe 1950, 1\u00b0 piso, de Rosario. \u201cTodo interesado que desee verter su voluntad de reincorporaci\u00f3n, deber\u00e1 tener presente lo reglado por la Ley 14.237 (Ley de emergencia en Seguridad)\u201d, cierra la convocatoria.De acuerdo a las autoridades, los interesados que cumplan los requisitos legales deber\u00e1n presentarse con una fotocopia simple del D.N.I.; foja de servicios, con indicaci\u00f3n del a\u00f1o de retiro; constancia de CUIL; indicaci\u00f3n del cargo al momento del retiro; \u00faltimo recibo de sueldo; y formulario de solicitud de incorporaci\u00f3n.<\/p>\n\n\n\n<p>Cabe destacar que el formulario firmado revestir\u00e1 como Declaraci\u00f3n Jurada. Asimismo, el comunicado informa que \u201cel proceso de solicitud deber\u00e1 realizarse de lunes a viernes de 7 a 16 hs, en Santa Fe 1950 \/ Subsuelo \/ oficina 4. A cargo de la Dra. Jesica Braconi\u201d.Por \u00faltimo, seg\u00fan la reciente Ley de emergencia en Seguridad, se aclara que \u201cen ning\u00fan caso puede reintegrarse al servicio a personal de la Polic\u00eda de la Provincia o del Servicio Penitenciario que haya sido exonerado de la fuerza policial o de la Administraci\u00f3n P\u00fablica Provincial y\/o Nacional, o se encuentre con auto de procesamiento en causas vinculadas con delitos de lesa humanidad o condenado en causa penal, aun cuando hubiese cumplido la totalidad de la pena\u201d.La situaci\u00f3n en Rosario es alarmante, con la ciudad paralizada y sumida en el miedo luego del asesinato del chofer de la l\u00ednea K. No hay clases en la educaci\u00f3n p\u00fablica ni privada, no hay transporte p\u00fablico, y los taxistas tambi\u00e9n pararon en solidaridad con el conductor asesinado.A su vez, esta par\u00e1lisis que sufre la ciudad se extendi\u00f3 a otros rubros que no hab\u00edan quedado bajo la amenaza narco que gener\u00f3 estupor en una sociedad que, incluso, tuvo miedo de salir a protestar a la calle y solo lo hizo a trav\u00e9s de cacerolazos en los balcones.<\/p>\n\n\n\n<p>Sectores clave como recolectores de residuos tambi\u00e9n se paralizaron ante el temor a recibir un ataque de sicarios, particularmente en este caso ya que el gremio figuraba entre los rubros amenazados que hab\u00edan aparecido durante el fin de semana en la bandera que apareci\u00f3 colgada en un estrat\u00e9gico puente sobre la avenida circunvalaci\u00f3n.\u201cPullaro y Cococcioni se metieron con nuestros familiares. Van a seguir las muertes de inocentes, taxistas, colectiveros, basureros y comerciantes\u201d, se le\u00eda en la bandera que anticip\u00f3 el crimen del playero.De igual manera ocurri\u00f3 con el sector perteneciente al abastecimiento de alimentos. Los camiones que abastecen a los supermercados y que reponen las mercader\u00edas en los principales mercados hoy tampoco salieron a la calle, lo que indudablemente repercutir\u00e1 en la propia provisi\u00f3n de alimentos de la ciudad de Rosario<\/p>\n","protected":false},"excerpt":{"rendered":"<p>El Ministerio de Seguridad y Justicia de Santa Fe realiz\u00f3 una convocatoria para aquellos efectivos retirados que cumplan con los nuevos requisitos de la Ley de emergencia en Seguridad. En el marco del megaoperativo de seguridad lanzado en Rosario, que incluy\u00f3 el despliegue de fuerzas de seguridad federales, el Ministerio de Seguridad y Justicia de [&hellip;]<\/p>\n","protected":false},"author":2,"featured_media":833,"comment_status":"open","ping_status":"open","sticky":false,"template":"","format":"standard","meta":{"footnotes":""},"categories":[1],"tags":[16],"_links":{"self":[{"href":"https:\/\/enlamira.info\/index.php\/wp-json\/wp\/v2\/posts\/830"}],"collection":[{"href":"https:\/\/enlamira.info\/index.php\/wp-json\/wp\/v2\/posts"}],"about":[{"href":"https:\/\/enlamira.info\/index.php\/wp-json\/wp\/v2\/types\/post"}],"author":[{"embeddable":true,"href":"https:\/\/enlamira.info\/index.php\/wp-json\/wp\/v2\/users\/2"}],"replies":[{"embeddable":true,"href":"https:\/\/enlamira.info\/index.php\/wp-json\/wp\/v2\/comments?post=830"}],"version-history":[{"count":2,"href":"https:\/\/enlamira.info\/index.php\/wp-json\/wp\/v2\/posts\/830\/revisions"}],"predecessor-version":[{"id":832,"href":"https:\/\/enlamira.info\/index.php\/wp-json\/wp\/v2\/posts\/830\/revisions\/832"}],"wp:featuredmedia":[{"embeddable":true,"href":"https:\/\/enlamira.info\/index.php\/wp-json\/wp\/v2\/media\/833"}],"wp:attachment":[{"href":"https:\/\/enlamira.info\/index.php\/wp-json\/wp\/v2\/media?parent=830"}],"wp:term":[{"taxonomy":"category","embeddable":true,"href":"https:\/\/enlamira.info\/index.php\/wp-json\/wp\/v2\/categories?post=830"},{"taxonomy":"post_tag","embeddable":true,"href":"https:\/\/enlamira.info\/index.php\/wp-json\/wp\/v2\/tags?post=830"}],"curies":[{"name":"wp","href":"https:\/\/api.w.org\/{rel}","templated":true}]}}