{"id":827,"date":"2024-03-11T21:32:56","date_gmt":"2024-03-12T00:32:56","guid":{"rendered":"https:\/\/enlamira.info\/?p=827"},"modified":"2024-03-11T21:37:34","modified_gmt":"2024-03-12T00:37:34","slug":"villarruel-y-menem-firmaron-la-resolucion-que-revierte-el-aumento-salarial-a-los-legisladores","status":"publish","type":"post","link":"https:\/\/enlamira.info\/index.php\/2024\/03\/11\/villarruel-y-menem-firmaron-la-resolucion-que-revierte-el-aumento-salarial-a-los-legisladores\/","title":{"rendered":"Villarruel y Menem firmaron la resoluci\u00f3n que revierte el aumento salarial a los legisladores"},"content":{"rendered":"\n<p>La vicepresidenta y el presidente de la C\u00e1mara de Diputados dieron marcha atr\u00e1s con el incremento del 30% en las dietas, tras el pedido expreso de Javier Milei.<\/p>\n\n\n\n<p>La vicepresidenta Victoria Villarruel y el presidente de la C\u00e1mara de Diputados, Mart\u00edn Menem, firmaron una resoluci\u00f3n conjunta para revertir el aumento del casi 30% en las dietas de los legisladores nacionales, que hab\u00eda generado una gran controversia con el presidente Javier Milei.La medida fue adoptada \u201cpor expreso pedido del Presidente\u201d, seg\u00fan revelaron fuentes legislativas cercanas a Villarruel, quien inicialmente se resist\u00eda a ceder ante los reclamos de la Casa Rosada para revisar el incremento otorgado a fines de febrero al vincular las dietas de los legisladores al aumento paritario de los empleados del Poder Legislativo.<\/p>\n\n\n\n<p>Si bien la dieta de los senadores y diputados estaba vinculada a la paritaria de los trabajadores del Congreso, en 2021 se interrumpi\u00f3 esta relaci\u00f3n. Esto ocurri\u00f3 en medio de la pandemia y un contexto de descontento generalizado con la dirigencia pol\u00edtica, con fuertes cr\u00edticas a los gastos de \u201cla pol\u00edtica\u201d. Fue en aquel momento cuando las autoridades decidieron desvincular las dietas de los legisladores de los acuerdos salariales de los empleados.En este contexto, a fin de contener el reclamo de incrementos, se firm\u00f3 una resoluci\u00f3n que estipulaba que cualquier aumento de los haberes de los legisladores deb\u00eda ser \u201ctratado y aprobado por el pleno de ambas C\u00e1maras\u201d. Sin embargo, en noviembre de 2022, durante la negociaci\u00f3n del \u00faltimo tramo de la paritaria de ese a\u00f1o, se derog\u00f3 esta resoluci\u00f3n y los aumentos de dieta volvieron a estar \u201cenganchados\u201d.Con los nuevos cambios de este lunes, se espera que aumente la tensi\u00f3n en el Congreso ya que la oposici\u00f3n apunta a ambas C\u00e1maras para que traten diversos temas, incluyendo el posible rechazo del mega Decreto de Necesidad y Urgencia (DNU) que desregula la econom\u00eda.Asimismo, la controversia generada por el incremento de las dietas de los legisladores tambi\u00e9n afect\u00f3 la imagen de Milei, a\u00fan m\u00e1s luego de que se revelara que los funcionarios del Ejecutivo recibieron un aumento salarial superior al aprobado para los diputados y senadores. <\/p>\n\n\n\n<p>Esta situaci\u00f3n llev\u00f3 a la destituci\u00f3n del secretario de Trabajo, Omar Yasin, a quien el Presidente responsabiliz\u00f3 por el incremento en los sueldos del jefe de Estado, los miembros de su gabinete, secretarios y subsecretarios de Estado.<\/p>\n","protected":false},"excerpt":{"rendered":"<p>La vicepresidenta y el presidente de la C\u00e1mara de Diputados dieron marcha atr\u00e1s con el incremento del 30% en las dietas, tras el pedido expreso de Javier Milei. La vicepresidenta Victoria Villarruel y el presidente de la C\u00e1mara de Diputados, Mart\u00edn Menem, firmaron una resoluci\u00f3n conjunta para revertir el aumento del casi 30% en las [&hellip;]<\/p>\n","protected":false},"author":2,"featured_media":829,"comment_status":"open","ping_status":"open","sticky":false,"template":"","format":"standard","meta":{"footnotes":""},"categories":[1],"tags":[],"_links":{"self":[{"href":"https:\/\/enlamira.info\/index.php\/wp-json\/wp\/v2\/posts\/827"}],"collection":[{"href":"https:\/\/enlamira.info\/index.php\/wp-json\/wp\/v2\/posts"}],"about":[{"href":"https:\/\/enlamira.info\/index.php\/wp-json\/wp\/v2\/types\/post"}],"author":[{"embeddable":true,"href":"https:\/\/enlamira.info\/index.php\/wp-json\/wp\/v2\/users\/2"}],"replies":[{"embeddable":true,"href":"https:\/\/enlamira.info\/index.php\/wp-json\/wp\/v2\/comments?post=827"}],"version-history":[{"count":1,"href":"https:\/\/enlamira.info\/index.php\/wp-json\/wp\/v2\/posts\/827\/revisions"}],"predecessor-version":[{"id":828,"href":"https:\/\/enlamira.info\/index.php\/wp-json\/wp\/v2\/posts\/827\/revisions\/828"}],"wp:featuredmedia":[{"embeddable":true,"href":"https:\/\/enlamira.info\/index.php\/wp-json\/wp\/v2\/media\/829"}],"wp:attachment":[{"href":"https:\/\/enlamira.info\/index.php\/wp-json\/wp\/v2\/media?parent=827"}],"wp:term":[{"taxonomy":"category","embeddable":true,"href":"https:\/\/enlamira.info\/index.php\/wp-json\/wp\/v2\/categories?post=827"},{"taxonomy":"post_tag","embeddable":true,"href":"https:\/\/enlamira.info\/index.php\/wp-json\/wp\/v2\/tags?post=827"}],"curies":[{"name":"wp","href":"https:\/\/api.w.org\/{rel}","templated":true}]}}