{"id":8265,"date":"2024-07-16T18:27:18","date_gmt":"2024-07-16T21:27:18","guid":{"rendered":"https:\/\/enlamira.info\/?p=8265"},"modified":"2024-07-16T21:31:35","modified_gmt":"2024-07-17T00:31:35","slug":"el-fmi-destaco-la-baja-de-la-inflacion-en-argentina-pero-empeoro-su-pronostico-para-2024","status":"publish","type":"post","link":"https:\/\/enlamira.info\/index.php\/2024\/07\/16\/el-fmi-destaco-la-baja-de-la-inflacion-en-argentina-pero-empeoro-su-pronostico-para-2024\/","title":{"rendered":"El FMI destac\u00f3 la baja de la inflaci\u00f3n en Argentina pero empeor\u00f3 su pron\u00f3stico para 2024"},"content":{"rendered":"\n<p>El organismo actualiz\u00f3 la recesi\u00f3n pronosticada para el pa\u00eds que pas\u00f3 de 2,8% a 3,5% para este a\u00f1o. Sin embargo, ratific\u00f3 las buenas proyecciones para 2025.<\/p>\n\n\n\n<p>El\u00a0Fondo Monetario Internacional\u00a0empeor\u00f3 sus perspectivas de crecimiento de Argentina para este 2024. El organismo modific\u00f3 su proyecci\u00f3n de abril y\u00a0la recesi\u00f3n pronosticada para el pa\u00eds pasa de 2,8% a 3,5%. El dato fue publicado en la actualizaci\u00f3n del Informe de\u00a0Perspectivas Globales.<\/p>\n\n\n\n<p>A pesar de que su pron\u00f3stico empeor\u00f3 para este a\u00f1o, las proyecciones para 2025 siguen siendo positivas.\u00a0El FMI ratific\u00f3 que el pr\u00f3ximo a\u00f1o la econom\u00eda Argentina tendr\u00e1 un crecimiento estimado del 5%. Dichas expectativas son de las m\u00e1s alentadoras en la regi\u00f3n.<\/p>\n\n\n\n<p>El economista jefe del Fondo, Pierre Olivier Gourinchas, tambi\u00e9n destac\u00f3: \u201cEn primer lugar,\u00a0la\u00a0inflaci\u00f3n\u00a0ha bajado y esa es la buena noticia. La inflaci\u00f3n ha bajado significativamente en Argentina\u201d.<\/p>\n\n\n\n<p>\u201cEn 2024, estamos proyectando alrededor de 140%. Sigue siendo una cifra alta, pero tambi\u00e9n refleja gran parte de la inflaci\u00f3n que ya se ha producido. Y la inflaci\u00f3n secuencial est\u00e1 bajando con bastante rapidez gracias a las en\u00e9rgicas medidas aplicadas por las autoridades del pa\u00eds\u201d, agreg\u00f3 Gourinchas.<\/p>\n\n\n\n<p>En cuanto al ajuste, el economista indic\u00f3 que \u201cel aspecto fiscal siempre ha sido un problema durante muchos, muchos a\u00f1os en Argentina. Y aqu\u00ed, por primera vez en mucho, mucho tiempo,<strong>&nbsp;el gobierno ha logrado un presupuesto equilibrado<\/strong>\u201d.<\/p>\n\n\n\n<p>Gourinchas continu\u00f3: \u201cLa cuesti\u00f3n es si podr\u00e1 seguir haci\u00e9ndolo en el futuro. Y ah\u00ed es donde el compromiso con el Parlamento y la adopci\u00f3n de medidas fiscales de alta calidad van a ser muy importantes. Y hay indicios de que se est\u00e1 avanzando en esa direcci\u00f3n\u201d.<\/p>\n\n\n\n<p>\u201cA ello se suma el endurecimiento de la pol\u00edtica monetaria y la financiaci\u00f3n monetaria del gobierno.\u00a0As\u00ed que todas estas cosas van en la direcci\u00f3n de controlar la inflaci\u00f3n, que ha sido un problema clave en el pa\u00eds\u201d, concluy\u00f3.<\/p>\n","protected":false},"excerpt":{"rendered":"<p>El organismo actualiz\u00f3 la recesi\u00f3n pronosticada para el pa\u00eds que pas\u00f3 de 2,8% a 3,5% para este a\u00f1o. Sin embargo, ratific\u00f3 las buenas proyecciones para 2025. El\u00a0Fondo Monetario Internacional\u00a0empeor\u00f3 sus perspectivas de crecimiento de Argentina para este 2024. El organismo modific\u00f3 su proyecci\u00f3n de abril y\u00a0la recesi\u00f3n pronosticada para el pa\u00eds pasa de 2,8% a [&hellip;]<\/p>\n","protected":false},"author":2,"featured_media":8267,"comment_status":"open","ping_status":"open","sticky":false,"template":"","format":"standard","meta":{"footnotes":""},"categories":[20],"tags":[],"_links":{"self":[{"href":"https:\/\/enlamira.info\/index.php\/wp-json\/wp\/v2\/posts\/8265"}],"collection":[{"href":"https:\/\/enlamira.info\/index.php\/wp-json\/wp\/v2\/posts"}],"about":[{"href":"https:\/\/enlamira.info\/index.php\/wp-json\/wp\/v2\/types\/post"}],"author":[{"embeddable":true,"href":"https:\/\/enlamira.info\/index.php\/wp-json\/wp\/v2\/users\/2"}],"replies":[{"embeddable":true,"href":"https:\/\/enlamira.info\/index.php\/wp-json\/wp\/v2\/comments?post=8265"}],"version-history":[{"count":1,"href":"https:\/\/enlamira.info\/index.php\/wp-json\/wp\/v2\/posts\/8265\/revisions"}],"predecessor-version":[{"id":8266,"href":"https:\/\/enlamira.info\/index.php\/wp-json\/wp\/v2\/posts\/8265\/revisions\/8266"}],"wp:featuredmedia":[{"embeddable":true,"href":"https:\/\/enlamira.info\/index.php\/wp-json\/wp\/v2\/media\/8267"}],"wp:attachment":[{"href":"https:\/\/enlamira.info\/index.php\/wp-json\/wp\/v2\/media?parent=8265"}],"wp:term":[{"taxonomy":"category","embeddable":true,"href":"https:\/\/enlamira.info\/index.php\/wp-json\/wp\/v2\/categories?post=8265"},{"taxonomy":"post_tag","embeddable":true,"href":"https:\/\/enlamira.info\/index.php\/wp-json\/wp\/v2\/tags?post=8265"}],"curies":[{"name":"wp","href":"https:\/\/api.w.org\/{rel}","templated":true}]}}