{"id":8258,"date":"2024-07-16T18:25:10","date_gmt":"2024-07-16T21:25:10","guid":{"rendered":"https:\/\/enlamira.info\/?p=8258"},"modified":"2024-07-16T21:33:27","modified_gmt":"2024-07-17T00:33:27","slug":"interna-en-el-pro-patricia-bullrich-confirmo-que-en-2025-hara-campana-para-el-oficialismo","status":"publish","type":"post","link":"https:\/\/enlamira.info\/index.php\/2024\/07\/16\/interna-en-el-pro-patricia-bullrich-confirmo-que-en-2025-hara-campana-para-el-oficialismo\/","title":{"rendered":"Interna en el PRO: Patricia Bullrich confirm\u00f3 que en 2025 har\u00e1 campa\u00f1a para el oficialismo"},"content":{"rendered":"\n<p>La ministra de Seguridad asegur\u00f3 que La Libertad Avanza \u201cabsorbi\u00f3\u201d al partido fundado por Mauricio Macri y cuestion\u00f3 el accionar de su ex socio pol\u00edtico y referente.<\/p>\n\n\n\n<p>Crese el malestar entre los dirigentes del\u00a0PRO, que finalmente ve rota la relaci\u00f3n entre el ex presidente\u00a0Mauricio Macri\u00a0y la actual ministra de Seguridad de la Naci\u00f3n,\u00a0Patricia Bullrich, quien indic\u00f3 que en las elecciones legislativas del\u00a0 har\u00e1 campa\u00f1a para\u00a0La Libertad Avanza.<\/p>\n\n\n\n<p>Descartando as\u00ed, una reconstrucci\u00f3n del partido amarillo que se esperaba sea una oposici\u00f3n dialoguista a la gesti\u00f3n de\u00a0Javier Milei. \u201cYo soy parte del Gobierno y voy a trabajar para que el Gobierno tenga m\u00e1s diputados,\u00a0m\u00e1s senadores; para que tenga m\u00e1s poder pol\u00edtico y le vaya bien en la gesti\u00f3n\u201d, se\u00f1al\u00f3 la funcionaria en declaraciones televisivas.<\/p>\n\n\n\n<p>\u201cMi compromiso no es m\u00edo personal,\u00a0yo le ped\u00ed a 6,2 millones de personas que voten a Javier Milei as\u00ed que tengo un compromiso de millones de personas y nuestra suma fue matem\u00e1tica. Los votos de Javier m\u00e1s los votos de Patricia, para decirlo en t\u00e9rminos de lo que fue electoralmente, se sumaron\u201d, agreg\u00f3 la ex l\u00edder del PRO.<\/p>\n\n\n\n<p>Consultada sobre la posibilidad de que el partido libertario absorba al PRO y sus votantes, Bullrich dispar\u00f3, \u201cYa est\u00e1n. Porque yo soy parte de PRO y estoy en el Gobierno. Y los votantes nos est\u00e1n acompa\u00f1ando\u201d.<\/p>\n\n\n\n<p>&#8220;Nosotros tomamos una decisi\u00f3n y yo como perteneciente a PRO tom\u00e9 una decisi\u00f3n, como candidata a presidenta de PRO, que fue apoyar a Javier Milei, comprometernos con un gobierno de cambio en contra de lo que pod\u00eda ser la continuidad del peronismo, del populismo o de\u00a0Sergio Massa. Eso es lo que importa\u201d, remarc\u00f3 quien ocupara la cartera de Seguridad durante la presidencia de\u00a0Macri.<\/p>\n\n\n\n<p>A lo que sum\u00f3: \u201cNo tengo ni mejor ni peor relaci\u00f3n con Mauricio Macri de la que ten\u00eda antes; lo que no me gusta es que haya un intento de decir \u2018estamos en la oposici\u00f3n\u2019. No. Nosotros nos comprometimos con 6,2 millones de votantes, les dijimos: \u2018Acompa\u00f1en a Javier\u2019. Y ahora no lo podemos dejar en la mitad del r\u00edo. Esa es mi convicci\u00f3n. Ese es quiz\u00e1s el debate que estamos dando. Para m\u00ed cuando uno se juega por un proyecto hay que jugarse el todo por el todo. Fue un gran debate en la Argentina que yo lo llev\u00e9 en la campa\u00f1a. Shock. La Argentina necesita un shock y con Javier lo estamos haciendo\u201d.<\/p>\n","protected":false},"excerpt":{"rendered":"<p>La ministra de Seguridad asegur\u00f3 que La Libertad Avanza \u201cabsorbi\u00f3\u201d al partido fundado por Mauricio Macri y cuestion\u00f3 el accionar de su ex socio pol\u00edtico y referente. Crese el malestar entre los dirigentes del\u00a0PRO, que finalmente ve rota la relaci\u00f3n entre el ex presidente\u00a0Mauricio Macri\u00a0y la actual ministra de Seguridad de la Naci\u00f3n,\u00a0Patricia Bullrich, quien [&hellip;]<\/p>\n","protected":false},"author":2,"featured_media":8260,"comment_status":"open","ping_status":"open","sticky":false,"template":"","format":"standard","meta":{"footnotes":""},"categories":[20],"tags":[],"_links":{"self":[{"href":"https:\/\/enlamira.info\/index.php\/wp-json\/wp\/v2\/posts\/8258"}],"collection":[{"href":"https:\/\/enlamira.info\/index.php\/wp-json\/wp\/v2\/posts"}],"about":[{"href":"https:\/\/enlamira.info\/index.php\/wp-json\/wp\/v2\/types\/post"}],"author":[{"embeddable":true,"href":"https:\/\/enlamira.info\/index.php\/wp-json\/wp\/v2\/users\/2"}],"replies":[{"embeddable":true,"href":"https:\/\/enlamira.info\/index.php\/wp-json\/wp\/v2\/comments?post=8258"}],"version-history":[{"count":1,"href":"https:\/\/enlamira.info\/index.php\/wp-json\/wp\/v2\/posts\/8258\/revisions"}],"predecessor-version":[{"id":8259,"href":"https:\/\/enlamira.info\/index.php\/wp-json\/wp\/v2\/posts\/8258\/revisions\/8259"}],"wp:featuredmedia":[{"embeddable":true,"href":"https:\/\/enlamira.info\/index.php\/wp-json\/wp\/v2\/media\/8260"}],"wp:attachment":[{"href":"https:\/\/enlamira.info\/index.php\/wp-json\/wp\/v2\/media?parent=8258"}],"wp:term":[{"taxonomy":"category","embeddable":true,"href":"https:\/\/enlamira.info\/index.php\/wp-json\/wp\/v2\/categories?post=8258"},{"taxonomy":"post_tag","embeddable":true,"href":"https:\/\/enlamira.info\/index.php\/wp-json\/wp\/v2\/tags?post=8258"}],"curies":[{"name":"wp","href":"https:\/\/api.w.org\/{rel}","templated":true}]}}