{"id":8252,"date":"2024-07-16T18:23:12","date_gmt":"2024-07-16T21:23:12","guid":{"rendered":"https:\/\/enlamira.info\/?p=8252"},"modified":"2024-07-16T21:35:23","modified_gmt":"2024-07-17T00:35:23","slug":"la-cgt-se-reunio-con-el-secretario-de-trabajo-y-reclamo-por-la-reforma-laboral","status":"publish","type":"post","link":"https:\/\/enlamira.info\/index.php\/2024\/07\/16\/la-cgt-se-reunio-con-el-secretario-de-trabajo-y-reclamo-por-la-reforma-laboral\/","title":{"rendered":"La CGT se reuni\u00f3 con el secretario de Trabajo y reclam\u00f3 por la reforma laboral"},"content":{"rendered":"\n<p>Julio Cordero recibi\u00f3 a los dirigentes gremiales en medio de las tensiones por el DNU que modific\u00f3 las reglas laborales y la amenaza de un nuevo paro general.<\/p>\n\n\n\n<p>El\u00a0Gobierno\u00a0intenta baja las tensiones con la\u00a0Confederaci\u00f3n General del Trabajo\u00a0(CGT), luego de la sanci\u00f3n del\u00a0Decreto de Necesidad y Urgencia\u00a0(DNU) 70\/2023, que incluy\u00f3 una reforma laboral a la que los referentes gremiales se oponen. Por ello los convoc\u00f3 a una reuni\u00f3n con el secretario de Trabajo,\u00a0Julio Cordero.<\/p>\n\n\n\n<p>La reuni\u00f3n se llev\u00f3 adelante en la sede de la cartera, que depende del\u00a0Ministerio de Capital Humano,\u00a0que conduce\u00a0Sandra Pettovello, y pretende conciliar a las partes para evitar un nuevo paro general, como viene pensando la central obrera.<\/p>\n\n\n\n<p>\u201cEn la reuni\u00f3n con la CGT voy a poner todos los temas arriba de la mesa, incluso el de las obras sociales\u201d, adelant\u00f3 el funcionario en la previa del encuentro, esperanzado en lograr un acuerdo con los l\u00edderes sindicales.<\/p>\n\n\n\n<p>Si bien parte de la dirigencia cegetista se present\u00f3 al encuentro con el Gobierno, hay dos sectores en disputa dentro de la conducci\u00f3n, por un lado los dialoguista, y por otro el ala m\u00e1s dura, encabezada por\u00a0Pablo Moyano, que no concurri\u00f3 al encuentro.<\/p>\n\n\n\n<p>Al ingresar a la secretaria de Trabajo, el referente de la CGT,\u00a0H\u00e9ctor Daer, anticip\u00f3 que le pedir\u00e1n al Gobierno que \u201cretire la apelaci\u00f3n a la Corte Suprema del cap\u00edtulo IV del DNU 70, como paso preliminar para tener un buen gesto\u201d.<\/p>\n\n\n\n<p>\u201cVamos a plantear las incoherencias de un texto muy mal escrito que impusieron los senadores radicales en el Congreso aprobado dentro de la\u00a0Ley Bases,\u00a0genera vaguedades absolutas, por ejemplo, qu\u00e9 es total o parcialmente impedir que alguien trabaje\u201d, explic\u00f3 el gremialista.<\/p>\n","protected":false},"excerpt":{"rendered":"<p>Julio Cordero recibi\u00f3 a los dirigentes gremiales en medio de las tensiones por el DNU que modific\u00f3 las reglas laborales y la amenaza de un nuevo paro general. El\u00a0Gobierno\u00a0intenta baja las tensiones con la\u00a0Confederaci\u00f3n General del Trabajo\u00a0(CGT), luego de la sanci\u00f3n del\u00a0Decreto de Necesidad y Urgencia\u00a0(DNU) 70\/2023, que incluy\u00f3 una reforma laboral a la que [&hellip;]<\/p>\n","protected":false},"author":2,"featured_media":8254,"comment_status":"open","ping_status":"open","sticky":false,"template":"","format":"standard","meta":{"footnotes":""},"categories":[20],"tags":[],"_links":{"self":[{"href":"https:\/\/enlamira.info\/index.php\/wp-json\/wp\/v2\/posts\/8252"}],"collection":[{"href":"https:\/\/enlamira.info\/index.php\/wp-json\/wp\/v2\/posts"}],"about":[{"href":"https:\/\/enlamira.info\/index.php\/wp-json\/wp\/v2\/types\/post"}],"author":[{"embeddable":true,"href":"https:\/\/enlamira.info\/index.php\/wp-json\/wp\/v2\/users\/2"}],"replies":[{"embeddable":true,"href":"https:\/\/enlamira.info\/index.php\/wp-json\/wp\/v2\/comments?post=8252"}],"version-history":[{"count":1,"href":"https:\/\/enlamira.info\/index.php\/wp-json\/wp\/v2\/posts\/8252\/revisions"}],"predecessor-version":[{"id":8253,"href":"https:\/\/enlamira.info\/index.php\/wp-json\/wp\/v2\/posts\/8252\/revisions\/8253"}],"wp:featuredmedia":[{"embeddable":true,"href":"https:\/\/enlamira.info\/index.php\/wp-json\/wp\/v2\/media\/8254"}],"wp:attachment":[{"href":"https:\/\/enlamira.info\/index.php\/wp-json\/wp\/v2\/media?parent=8252"}],"wp:term":[{"taxonomy":"category","embeddable":true,"href":"https:\/\/enlamira.info\/index.php\/wp-json\/wp\/v2\/categories?post=8252"},{"taxonomy":"post_tag","embeddable":true,"href":"https:\/\/enlamira.info\/index.php\/wp-json\/wp\/v2\/tags?post=8252"}],"curies":[{"name":"wp","href":"https:\/\/api.w.org\/{rel}","templated":true}]}}