{"id":8249,"date":"2024-07-16T18:22:13","date_gmt":"2024-07-16T21:22:13","guid":{"rendered":"https:\/\/enlamira.info\/?p=8249"},"modified":"2024-07-16T21:36:08","modified_gmt":"2024-07-17T00:36:08","slug":"ariel-lijo-mas-cerca-de-la-corte-suprema-el-pliego-se-tratara-en-el-senado-el-21-de-agosto","status":"publish","type":"post","link":"https:\/\/enlamira.info\/index.php\/2024\/07\/16\/ariel-lijo-mas-cerca-de-la-corte-suprema-el-pliego-se-tratara-en-el-senado-el-21-de-agosto\/","title":{"rendered":"Ariel Lijo m\u00e1s cerca de la Corte Suprema: el pliego se tratar\u00e1 en el Senado el 21 de agosto"},"content":{"rendered":"\n<p>La postulaci\u00f3n que hizo el Gobierno para incorporar al juez federal al supremo tribunal ser\u00e1 debatida en la C\u00e1mara alta a fines del pr\u00f3ximo mes. Al igual que el caso de Manuel Garc\u00eda-Mansilla.<\/p>\n\n\n\n<p>Finalmente las audiencias p\u00fablicas para el tratamiento de la postulaci\u00f3n de\u00a0Ariel Lijo\u00a0para la\u00a0Corte Suprema de Justicia, tienen fecha y ser\u00e1n el pr\u00f3ximo 21 y 28 de agosto en la\u00a0Comisi\u00f3n de Acuerdos del Senado\u00a0de la Naci\u00f3n.<\/p>\n\n\n\n<p>All\u00ed se debatir\u00e1n los pliegos de los candidatos del\u00a0Gobierno,\u00a0tanto el del actual juez federal para ocupar el cargo vacante dentro del supremo tribunal que dej\u00f3 el retiro en 2022 de\u00a0Elena Highton de Nolasco.<\/p>\n\n\n\n<p>Tambi\u00e9n el catedr\u00e1tico y decano de la Facultad de Derecho de la Universidad Austral,\u00a0Manuel Garc\u00eda-Mansilla,\u00a0que fue presentado como posible reemplazo para el cortesano\u00a0Juan Carlos Maqueda\u00a0que cumple 75 a\u00f1os en diciembre y debe jubilarse.<\/p>\n\n\n\n<p>Desde\u00a0el oficialismo\u00a0se enfatiz\u00f3 la importancia de \u201ccontar con un tribunal completo, especialmente en un contexto donde cada decisi\u00f3n requiere el consenso de al menos tres miembros\u201d. A lo que agregaron que este ser\u00eda \u201cun paso crucial para garantizar el adecuado funcionamiento del sistema judicial argentino\u201d.<\/p>\n","protected":false},"excerpt":{"rendered":"<p>La postulaci\u00f3n que hizo el Gobierno para incorporar al juez federal al supremo tribunal ser\u00e1 debatida en la C\u00e1mara alta a fines del pr\u00f3ximo mes. Al igual que el caso de Manuel Garc\u00eda-Mansilla. Finalmente las audiencias p\u00fablicas para el tratamiento de la postulaci\u00f3n de\u00a0Ariel Lijo\u00a0para la\u00a0Corte Suprema de Justicia, tienen fecha y ser\u00e1n el pr\u00f3ximo [&hellip;]<\/p>\n","protected":false},"author":2,"featured_media":8251,"comment_status":"open","ping_status":"open","sticky":false,"template":"","format":"standard","meta":{"footnotes":""},"categories":[20],"tags":[],"_links":{"self":[{"href":"https:\/\/enlamira.info\/index.php\/wp-json\/wp\/v2\/posts\/8249"}],"collection":[{"href":"https:\/\/enlamira.info\/index.php\/wp-json\/wp\/v2\/posts"}],"about":[{"href":"https:\/\/enlamira.info\/index.php\/wp-json\/wp\/v2\/types\/post"}],"author":[{"embeddable":true,"href":"https:\/\/enlamira.info\/index.php\/wp-json\/wp\/v2\/users\/2"}],"replies":[{"embeddable":true,"href":"https:\/\/enlamira.info\/index.php\/wp-json\/wp\/v2\/comments?post=8249"}],"version-history":[{"count":1,"href":"https:\/\/enlamira.info\/index.php\/wp-json\/wp\/v2\/posts\/8249\/revisions"}],"predecessor-version":[{"id":8250,"href":"https:\/\/enlamira.info\/index.php\/wp-json\/wp\/v2\/posts\/8249\/revisions\/8250"}],"wp:featuredmedia":[{"embeddable":true,"href":"https:\/\/enlamira.info\/index.php\/wp-json\/wp\/v2\/media\/8251"}],"wp:attachment":[{"href":"https:\/\/enlamira.info\/index.php\/wp-json\/wp\/v2\/media?parent=8249"}],"wp:term":[{"taxonomy":"category","embeddable":true,"href":"https:\/\/enlamira.info\/index.php\/wp-json\/wp\/v2\/categories?post=8249"},{"taxonomy":"post_tag","embeddable":true,"href":"https:\/\/enlamira.info\/index.php\/wp-json\/wp\/v2\/tags?post=8249"}],"curies":[{"name":"wp","href":"https:\/\/api.w.org\/{rel}","templated":true}]}}