{"id":8211,"date":"2024-07-15T16:28:57","date_gmt":"2024-07-15T19:28:57","guid":{"rendered":"https:\/\/enlamira.info\/?p=8211"},"modified":"2024-07-15T16:35:58","modified_gmt":"2024-07-15T19:35:58","slug":"voy-a-poner-todos-los-temas-sobre-la-mesa-julio-cordero-confirmo-la-agenda-para-la-reunion-con-la-cgt","status":"publish","type":"post","link":"https:\/\/enlamira.info\/index.php\/2024\/07\/15\/voy-a-poner-todos-los-temas-sobre-la-mesa-julio-cordero-confirmo-la-agenda-para-la-reunion-con-la-cgt\/","title":{"rendered":"\u201cVoy a poner todos los temas sobre la mesa\u201d: Julio Cordero confirm\u00f3 la agenda para la reuni\u00f3n con la CGT"},"content":{"rendered":"\n<p>El nuevo Secretario de Trabajo revel\u00f3 su estrategia para el primer encuentro con la central gremial, destacando su intenci\u00f3n de abordar temas clave como la democratizaci\u00f3n sindical y las reformas laborales.<\/p>\n\n\n\n<p>El secretario de Trabajo,&nbsp;Julio&nbsp;Cordero, se sentar\u00e1 cara a cara con los l\u00edderes de la&nbsp;CGT&nbsp;este martes 15 de julio, en un encuentro que marca un punto clave en la relaci\u00f3n entre el Gobierno de&nbsp;Javier Milei&nbsp;y el sindicalismo argentino.<\/p>\n\n\n\n<p>En una entrevista reciente con la web de Infobae,&nbsp;Cordero&nbsp;anticipa una agenda ambiciosa para esta primera reuni\u00f3n oficial, donde abordar\u00e1 temas cruciales como la democratizaci\u00f3n sindical y las reformas laborales en curso.<\/p>\n\n\n\n<p>Cordero, quien ha sido un ferviente defensor del di\u00e1logo social desde su llegada al cargo, considera que la convocatoria de la CGT para esta audiencia es una se\u00f1al positiva. \u201cVoy a poner todos los temas sobre la mesa, incluyendo el de las obras sociales\u201d, afirma Cordero, subrayando su intenci\u00f3n de mantener un di\u00e1logo libre de condicionamientos pol\u00edticos y centrado en soluciones pr\u00e1cticas.<\/p>\n\n\n\n<p>En sus declaraciones, Cordero destaca que uno de los objetivos principales del Gobierno es avanzar en una verdadera democratizaci\u00f3n de los sindicatos. Este proyecto de ley, que propone elecciones sindicales supervisadas por la Justicia y limita los mandatos a cuatro a\u00f1os con una sola reelecci\u00f3n, ha generado una fuerte resistencia en algunos sectores del sindicalismo.<\/p>\n\n\n\n<p>En esa l\u00ednea, el funcionario reiter\u00f3 que la democratizaci\u00f3n sindical es una de las prioridades del Gobierno. \u201cQueremos procesos eleccionarios m\u00e1s transparentes y genuinos\u201d, afirma. Este enfoque busca no solo modernizar las estructuras gremiales, sino tambi\u00e9n fortalecer la representaci\u00f3n de los trabajadores y asegurar una gesti\u00f3n sindical m\u00e1s equitativa.<\/p>\n\n\n\n<p>Adem\u00e1s, el secretario de Trabajo menciona que el trabajo aut\u00f3nomo y su regulaci\u00f3n ser\u00e1n parte de la conversaci\u00f3n. A pesar de las cr\u00edticas, Cordero defiende que el trabajo aut\u00f3nomo puede ser una herramienta valiosa para la generaci\u00f3n de empleo, siempre que se mantenga una adecuada protecci\u00f3n social.<\/p>\n\n\n\n<h3 class=\"wp-block-heading\">La Ley de Bases y la Reforma Laboral<\/h3>\n\n\n\n<p>La reciente Ley de Bases, que incluye una serie de reformas laborales propuestas por el Gobierno, ser\u00e1 otro de los temas centrales de la reuni\u00f3n. Cordero asegura que el di\u00e1logo con la CGT no solo abordar\u00e1 esta ley, sino tambi\u00e9n el impacto del Impuesto a las Ganancias y la restituci\u00f3n de beneficios fiscales. \u201cEstamos dispuestos a negociar, pero el objetivo es mantener una agenda enfocada en la creaci\u00f3n de empleo y la mejora de las condiciones laborales\u201d, explica.<\/p>\n\n\n\n<p>El nuevo enfoque del Gobierno en la modernizaci\u00f3n laboral enfrenta m\u00faltiples desaf\u00edos. Cordero menciona que, aunque el sindicalismo ha logrado algunas victorias, como la eliminaci\u00f3n de 42 de los 58 art\u00edculos del cap\u00edtulo laboral de la Ley Bases, el camino hacia una reforma efectiva est\u00e1 a\u00fan en construcci\u00f3n.<\/p>\n\n\n\n<p>En relaci\u00f3n con los temores de que la CGT impugne la Ley de Bases, Cordero asegura que el Gobierno est\u00e1 preparado para enfrentar cualquier desaf\u00edo judicial de manera democr\u00e1tica y transparente. \u201cEl di\u00e1logo debe ser una herramienta para avanzar en los objetivos que la sociedad ha manifestado en las urnas\u201d, afirma.<\/p>\n","protected":false},"excerpt":{"rendered":"<p>El nuevo Secretario de Trabajo revel\u00f3 su estrategia para el primer encuentro con la central gremial, destacando su intenci\u00f3n de abordar temas clave como la democratizaci\u00f3n sindical y las reformas laborales. El secretario de Trabajo,&nbsp;Julio&nbsp;Cordero, se sentar\u00e1 cara a cara con los l\u00edderes de la&nbsp;CGT&nbsp;este martes 15 de julio, en un encuentro que marca un [&hellip;]<\/p>\n","protected":false},"author":2,"featured_media":8213,"comment_status":"open","ping_status":"open","sticky":false,"template":"","format":"standard","meta":{"footnotes":""},"categories":[20],"tags":[],"_links":{"self":[{"href":"https:\/\/enlamira.info\/index.php\/wp-json\/wp\/v2\/posts\/8211"}],"collection":[{"href":"https:\/\/enlamira.info\/index.php\/wp-json\/wp\/v2\/posts"}],"about":[{"href":"https:\/\/enlamira.info\/index.php\/wp-json\/wp\/v2\/types\/post"}],"author":[{"embeddable":true,"href":"https:\/\/enlamira.info\/index.php\/wp-json\/wp\/v2\/users\/2"}],"replies":[{"embeddable":true,"href":"https:\/\/enlamira.info\/index.php\/wp-json\/wp\/v2\/comments?post=8211"}],"version-history":[{"count":2,"href":"https:\/\/enlamira.info\/index.php\/wp-json\/wp\/v2\/posts\/8211\/revisions"}],"predecessor-version":[{"id":8223,"href":"https:\/\/enlamira.info\/index.php\/wp-json\/wp\/v2\/posts\/8211\/revisions\/8223"}],"wp:featuredmedia":[{"embeddable":true,"href":"https:\/\/enlamira.info\/index.php\/wp-json\/wp\/v2\/media\/8213"}],"wp:attachment":[{"href":"https:\/\/enlamira.info\/index.php\/wp-json\/wp\/v2\/media?parent=8211"}],"wp:term":[{"taxonomy":"category","embeddable":true,"href":"https:\/\/enlamira.info\/index.php\/wp-json\/wp\/v2\/categories?post=8211"},{"taxonomy":"post_tag","embeddable":true,"href":"https:\/\/enlamira.info\/index.php\/wp-json\/wp\/v2\/tags?post=8211"}],"curies":[{"name":"wp","href":"https:\/\/api.w.org\/{rel}","templated":true}]}}