{"id":8201,"date":"2024-07-15T16:25:39","date_gmt":"2024-07-15T19:25:39","guid":{"rendered":"https:\/\/enlamira.info\/?p=8201"},"modified":"2024-07-15T16:37:59","modified_gmt":"2024-07-15T19:37:59","slug":"milei-contra-la-prensa-el-gobierno-restringira-las-acreditaciones-a-periodistas-en-casa-rosada","status":"publish","type":"post","link":"https:\/\/enlamira.info\/index.php\/2024\/07\/15\/milei-contra-la-prensa-el-gobierno-restringira-las-acreditaciones-a-periodistas-en-casa-rosada\/","title":{"rendered":"Milei contra la prensa: el Gobierno restringir\u00e1 las acreditaciones a periodistas en Casa Rosada"},"content":{"rendered":"\n<p>\u201cQue demuestren que merecen estar cerca del Presidente\u201d, dijo el vocero Manuel Adorni y explic\u00f3 que s\u00f3lo se permitir\u00e1 el acceso a reporteros previamente aprobados por la Presidencia.<\/p>\n\n\n\n<p>La mala relaci\u00f3n del presidente\u00a0Javier Milei\u00a0con la prensa sigue recrudeciendo a tal punto que desde\u00a0Casa Rosada\u00a0anunciaron que restringir\u00e1n el acceso de periodistas acreditados para crear una \u201csala de prensa de \u00e9lite\u201d, seg\u00fan explic\u00f3 el vocero presidencial\u00a0Manuel Adorni.<\/p>\n\n\n\n<p>Durante una entrevista televisiva, el comunicador sostuvo: \u201cEstamos trabajando en una nueva resoluci\u00f3n: vamos a hacer que sea un privilegio ser un medio acreditado en la Casa Rosada, y estar en la sala de conferencias\u201d.<\/p>\n\n\n\n<p>El funcionario adem\u00e1s detallo que la idea del Gobierno es \u201cjerarquizar el trabajo de la prensa\u201d. A lo que sum\u00f3 que se buscar\u00e1 la \u201cexcelencia\u201d para \u201cacreditar medios seg\u00fan su alcance, seg\u00fan su audiencia, y adem\u00e1s exigiendo determinadas caracter\u00edsticas a los periodistas, en t\u00e9rmino de experiencia y que tenga relaci\u00f3n de dependencia con los medios\u201d.<\/p>\n\n\n\n<p>\u201cVamos a hacer una sala de prensa de elite. Periodistas que pueden demostrar que merecen estar cerca del Presidente. Porque perdimos eso, que un periodista acreditado en la Casa Rosada tiene que sentir un honor por estar ah\u00ed. Que les d\u00e9 orgullo tener acceso a la sala de conferencias\u201d, insisti\u00f3 el portavoz de Javier Milei durante una entrevista con\u00a0Luis Majul.<\/p>\n\n\n\n<p>La decisi\u00f3n del oficialismo de recortar el acceso a la prensa para la obtenci\u00f3n de informaci\u00f3n de primera fuente, termin\u00f3 de consolidarse luego de que la periodista\u00a0Silvia Mercado, presentara un amparo judicial cuando el Gobierno se neg\u00f3 a renovar su acreditaci\u00f3n en la Casa Rosada, por no comulgar con su ideolog\u00eda.<\/p>\n\n\n\n<p>Desde entonces, los ataques a la presa por parte de Milei y todo su entono se han incrementado. De hecho, hace unos d\u00edas atr\u00e1s el\u00a0Ministerio de Capital Humano\u00a0que comanda\u00a0Sandra Pettovello, hizo p\u00fablica la exigencia para que los periodistas obtengan una matr\u00edcula habilitante a nivel nacional, lo que fue muy criticado y de lo que la cartera se retract\u00f3. Incluso, el\u00a0Foro de Periodismo Argentino\u00a0(FOPEA) emiti\u00f3 un comunicado condenando la colegiaci\u00f3n de periodistas, asegurando que se trata de una pr\u00e1ctica \u201cobsoleta e ileg\u00edtima al derecho a la libertad de expresi\u00f3n\u201d.<\/p>\n","protected":false},"excerpt":{"rendered":"<p>\u201cQue demuestren que merecen estar cerca del Presidente\u201d, dijo el vocero Manuel Adorni y explic\u00f3 que s\u00f3lo se permitir\u00e1 el acceso a reporteros previamente aprobados por la Presidencia. La mala relaci\u00f3n del presidente\u00a0Javier Milei\u00a0con la prensa sigue recrudeciendo a tal punto que desde\u00a0Casa Rosada\u00a0anunciaron que restringir\u00e1n el acceso de periodistas acreditados para crear una \u201csala [&hellip;]<\/p>\n","protected":false},"author":2,"featured_media":8203,"comment_status":"open","ping_status":"open","sticky":false,"template":"","format":"standard","meta":{"footnotes":""},"categories":[20],"tags":[],"_links":{"self":[{"href":"https:\/\/enlamira.info\/index.php\/wp-json\/wp\/v2\/posts\/8201"}],"collection":[{"href":"https:\/\/enlamira.info\/index.php\/wp-json\/wp\/v2\/posts"}],"about":[{"href":"https:\/\/enlamira.info\/index.php\/wp-json\/wp\/v2\/types\/post"}],"author":[{"embeddable":true,"href":"https:\/\/enlamira.info\/index.php\/wp-json\/wp\/v2\/users\/2"}],"replies":[{"embeddable":true,"href":"https:\/\/enlamira.info\/index.php\/wp-json\/wp\/v2\/comments?post=8201"}],"version-history":[{"count":1,"href":"https:\/\/enlamira.info\/index.php\/wp-json\/wp\/v2\/posts\/8201\/revisions"}],"predecessor-version":[{"id":8202,"href":"https:\/\/enlamira.info\/index.php\/wp-json\/wp\/v2\/posts\/8201\/revisions\/8202"}],"wp:featuredmedia":[{"embeddable":true,"href":"https:\/\/enlamira.info\/index.php\/wp-json\/wp\/v2\/media\/8203"}],"wp:attachment":[{"href":"https:\/\/enlamira.info\/index.php\/wp-json\/wp\/v2\/media?parent=8201"}],"wp:term":[{"taxonomy":"category","embeddable":true,"href":"https:\/\/enlamira.info\/index.php\/wp-json\/wp\/v2\/categories?post=8201"},{"taxonomy":"post_tag","embeddable":true,"href":"https:\/\/enlamira.info\/index.php\/wp-json\/wp\/v2\/tags?post=8201"}],"curies":[{"name":"wp","href":"https:\/\/api.w.org\/{rel}","templated":true}]}}