{"id":8197,"date":"2024-07-15T16:24:36","date_gmt":"2024-07-15T19:24:36","guid":{"rendered":"https:\/\/enlamira.info\/?p=8197"},"modified":"2024-07-15T16:38:43","modified_gmt":"2024-07-15T19:38:43","slug":"kicillof-critico-a-la-nueva-administracion-de-ypf-y-anuncio-que-creara-su-propio-rigi","status":"publish","type":"post","link":"https:\/\/enlamira.info\/index.php\/2024\/07\/15\/kicillof-critico-a-la-nueva-administracion-de-ypf-y-anuncio-que-creara-su-propio-rigi\/","title":{"rendered":"Kicillof critic\u00f3 a la nueva administraci\u00f3n de YPF y anunci\u00f3 que crear\u00e1 su propio RIGI"},"content":{"rendered":"\n<p>El gobernador bonaerense a\u00fan no adhiri\u00f3 al r\u00e9gimen de inversiones que impone la Ley Bases y explic\u00f3 que enviara a la Legislatura una norma similar para el territorio de la provincia.<\/p>\n\n\n\n<p>Enemistado con el Gobierno nacional, el gobernador de la provincia de\u00a0Buenos Aires, Axel Kicillof, cuestion\u00f3 a la nueva conducci\u00f3n de\u00a0YPF\u00a0y desestim\u00f3 las condiciones que impulsa la petrolera estatal para las inversiones a trav\u00e9s del\u00a0R\u00e9gimen de Incentivo de Grandes Inversiones\u00a0(RIGI) que se aprob\u00f3 junto con la\u00a0Ley Bases.<\/p>\n\n\n\n<p>\u201cEl RIGI es much\u00edsimo m\u00e1s generoso,\u00a0se le est\u00e1 dando beneficios por encima de lo que necesitaban.\u00a0No es un reproche a las empresas, porque tendr\u00e1n mejores condiciones\u201d, explic\u00f3 el mandatario en conferencia de prensa desde la capital provincial.<\/p>\n\n\n\n<p>La furia del ex ministro de Econom\u00eda de\u00a0Cristina Kirchner,\u00a0lleg\u00f3 tras el envi\u00f3 de un pedido formal por parte del presidente de YPF,\u00a0Horacio Mar\u00edn, en donde se lo intima para que defina su se pliega al nuevo sistema, que implica una inversi\u00f3n de m\u00e1s de 50 millones de d\u00f3lares para la explotaci\u00f3n de\u00a0Gas Natural Licuado\u00a0(GNL) en\u00a0Vaca Muerta, provincia de\u00a0R\u00edo Negro.<\/p>\n\n\n\n<p>\u201cVoy a hacer todos los esfuerzos que est\u00e9n a mi alcance para que se pueda hacer esa inversi\u00f3n\u201d, indic\u00f3 Kicillof este lunes. Adem\u00e1s sostuvo que el r\u00e9gimen \u201ctodav\u00eda no fue aprobado y todav\u00eda no fue reglamentado\u201d, por lo que se pide \u201cconocer cuestiones sobre temas inexistentes en ese momento\u201d.<\/p>\n\n\n\n<p>Ente ello el mandatario bonaerense a\u00f1adi\u00f3: \u201cVamos a enviar un proyecto de ley para un r\u00e9gimen provincial de fomento para inversiones estrat\u00e9gicas.\u00a0A trav\u00e9s de este r\u00e9gimen, los proyectos que sean aprobados van a tener estabilidad tributaria similar al r\u00e9gimen nacional\u201d.<\/p>\n\n\n\n<p>Sobre el caso de la inversi\u00f3n de la empresa de\u00a0Malasia Petronas\u00a0e YPF para la instalaci\u00f3n de la planta de licuefacci\u00f3n en\u00a0Bah\u00eda Blanca, el referente del kirchnerismo sostuvo: \u201cNo vamos a definir por penales. La pelota est\u00e1 de ese lado, porque hemos respondido a la carta y esperamos respuestas tambi\u00e9n.\u00a0La adhesi\u00f3n provincial al RIGI tiene que ver con estabilidad tributaria.\u00a0Lo que la provincia se est\u00e1 reservando es la evaluaci\u00f3n de los proyectos\u201d.<\/p>\n\n\n\n<p>\u201cEn caso de que sea decidido que se vaya a realizar en Bah\u00eda Blanca, voy a hacer todos los esfuerzos que est\u00e9n a mi alcance para que se pueda hacer esa inversi\u00f3n. En lo que ata\u00f1e a la provincia, en materia impositiva,\u00a0est\u00e1 Ingresos Brutos e Impuesto a los Sellos y acelerar los tiempos para cuestiones ambientales\u201d, concluy\u00f3 el titular del Ejecutivo bonaerense.<\/p>\n\n\n\n<h3 class=\"wp-block-heading\">La chicana del Gobierno Nacional<\/h3>\n\n\n\n<p>Tras el anuncio del gobernador Axel Kicillof, el vocero presidencial,\u00a0Manuel Adorni\u00a0utiliz\u00f3 su habitual conferencia de prensa desde\u00a0Casa Rosada\u00a0para cuestionar el\u00a0RIGI\u00a0provincial que anunci\u00f3 el referente de\u00a0La C\u00e1mpora, \u201cLa medida se tom\u00f3 por gente como \u00e9l\u201d, se\u00f1al\u00f3 el funcionario.<\/p>\n\n\n\n<p>\u201cTiene la libertad de hacer dentro de la ley lo que se le ocurra pero ser\u00eda extra\u00f1o que quisiera hacer un RIGI paralelo, porque hay que entender que\u00a0ese sistema se hace por personajes como \u00e9l, que prometen o hacen pensar que en el futuro el Estado pueda avanzar sobre la propiedad privada\u201d, dijo el portavoz de Milei.<\/p>\n\n\n\n<p>A lo que agreg\u00f3: \u201cEl RIGI trata de generar confianza o seguridad para que el inversor no sienta que un pol\u00edtico en el futuro lo va a estafar. Si Kicillof considera que en vez de adherirse a lo que se adhiri\u00f3 la mayor\u00eda de los gobernadores, si cree que tiene que ir por un mecanismo paralelo, que lo haga, le deseamos mucha suerte con ello y que triunfe\u201d.<\/p>\n","protected":false},"excerpt":{"rendered":"<p>El gobernador bonaerense a\u00fan no adhiri\u00f3 al r\u00e9gimen de inversiones que impone la Ley Bases y explic\u00f3 que enviara a la Legislatura una norma similar para el territorio de la provincia. Enemistado con el Gobierno nacional, el gobernador de la provincia de\u00a0Buenos Aires, Axel Kicillof, cuestion\u00f3 a la nueva conducci\u00f3n de\u00a0YPF\u00a0y desestim\u00f3 las condiciones que [&hellip;]<\/p>\n","protected":false},"author":2,"featured_media":8200,"comment_status":"open","ping_status":"open","sticky":false,"template":"","format":"standard","meta":{"footnotes":""},"categories":[20],"tags":[],"_links":{"self":[{"href":"https:\/\/enlamira.info\/index.php\/wp-json\/wp\/v2\/posts\/8197"}],"collection":[{"href":"https:\/\/enlamira.info\/index.php\/wp-json\/wp\/v2\/posts"}],"about":[{"href":"https:\/\/enlamira.info\/index.php\/wp-json\/wp\/v2\/types\/post"}],"author":[{"embeddable":true,"href":"https:\/\/enlamira.info\/index.php\/wp-json\/wp\/v2\/users\/2"}],"replies":[{"embeddable":true,"href":"https:\/\/enlamira.info\/index.php\/wp-json\/wp\/v2\/comments?post=8197"}],"version-history":[{"count":1,"href":"https:\/\/enlamira.info\/index.php\/wp-json\/wp\/v2\/posts\/8197\/revisions"}],"predecessor-version":[{"id":8198,"href":"https:\/\/enlamira.info\/index.php\/wp-json\/wp\/v2\/posts\/8197\/revisions\/8198"}],"wp:featuredmedia":[{"embeddable":true,"href":"https:\/\/enlamira.info\/index.php\/wp-json\/wp\/v2\/media\/8200"}],"wp:attachment":[{"href":"https:\/\/enlamira.info\/index.php\/wp-json\/wp\/v2\/media?parent=8197"}],"wp:term":[{"taxonomy":"category","embeddable":true,"href":"https:\/\/enlamira.info\/index.php\/wp-json\/wp\/v2\/categories?post=8197"},{"taxonomy":"post_tag","embeddable":true,"href":"https:\/\/enlamira.info\/index.php\/wp-json\/wp\/v2\/tags?post=8197"}],"curies":[{"name":"wp","href":"https:\/\/api.w.org\/{rel}","templated":true}]}}