{"id":8141,"date":"2024-07-15T02:29:56","date_gmt":"2024-07-15T05:29:56","guid":{"rendered":"https:\/\/enlamira.info\/?p=8141"},"modified":"2024-07-15T02:44:41","modified_gmt":"2024-07-15T05:44:41","slug":"tras-la-renuncia-de-duarte-alfredo-vallejos-asumira-como-ministro-de-seguridad-en-corrientes","status":"publish","type":"post","link":"https:\/\/enlamira.info\/index.php\/2024\/07\/15\/tras-la-renuncia-de-duarte-alfredo-vallejos-asumira-como-ministro-de-seguridad-en-corrientes\/","title":{"rendered":"Tras la renuncia de Duarte, Alfredo Vallejos asumir\u00e1 como ministro de Seguridad en Corrientes"},"content":{"rendered":"\n<p>El diputado de la Uni\u00f3n C\u00edvica Radical (UCR) se har\u00e1 cargo este lunes de la cartera de Seguridad provincial, en medio de la conmoci\u00f3n por la desaparici\u00f3n del ni\u00f1o de 6 a\u00f1os.<\/p>\n\n\n\n<p>En medio de la preocupaci\u00f3n por la desaparici\u00f3n de\u00a0Loan\u00a0Danilo Pe\u00f1a, la provincia de Corrientes tendr\u00e1 un nuevo ministro de Seguridad.\u00a0Alfredo\u00a0Vallejos, hasta ahora diputado de la\u00a0Uni\u00f3n C\u00edvica Radical (UCR), asumir\u00e1 el cargo tras la\u00a0renuncia\u00a0de Buenaventura Duarte.<\/p>\n\n\n\n<p>La ceremonia de juramento se llevar\u00e1 a cabo este lunes en el Sal\u00f3n Amarillo de Casa de Gobierno.<\/p>\n\n\n\n<p>Alfredo Vallejos, quien gan\u00f3 su banca en 2023 como parte de la alianza ECO + Vamos Corrientes, ha sido un activo legislador en los \u00faltimos seis meses. Entre sus iniciativas, present\u00f3 un proyecto para declarar de inter\u00e9s el D\u00eda del Veterano y los Ca\u00eddos en Malvinas. Adem\u00e1s, apoy\u00f3 la candidatura presidencial de\u00a0Patricia\u00a0Bullrich\u00a0antes del balotaje.<\/p>\n\n\n\n<p>Vallejos, de 42 a\u00f1os, dejar\u00e1 su lugar en la C\u00e1mara de Diputados de la Naci\u00f3n a\u00a0Federico Tournier, miembro del Encuentro Liberal de Corrientes (ELI). Su nombramiento como ministro de Seguridad se produce en un momento cr\u00edtico para la provincia, que enfrenta la desaparici\u00f3n de Loan Danilo Pe\u00f1a, un caso que ha generado gran conmoci\u00f3n y atenci\u00f3n medi\u00e1tica.<\/p>\n\n\n\n<p>El gobernador\u00a0Gustavo Vald\u00e9s\u00a0conf\u00eda en que Vallejos, con su experiencia y compromiso, contribuir\u00e1 significativamente a reforzar la seguridad en Corrientes. Vald\u00e9s solicit\u00f3 la renuncia de Duarte en medio de crecientes demandas de una gesti\u00f3n m\u00e1s eficiente y efectiva en la cartera de Seguridad. La expectativa es alta para\u00a0Vallejos, quien asumir\u00e1 el liderazgo de un ministerio clave en un contexto de desaf\u00edos crecientes.<\/p>\n","protected":false},"excerpt":{"rendered":"<p>El diputado de la Uni\u00f3n C\u00edvica Radical (UCR) se har\u00e1 cargo este lunes de la cartera de Seguridad provincial, en medio de la conmoci\u00f3n por la desaparici\u00f3n del ni\u00f1o de 6 a\u00f1os. En medio de la preocupaci\u00f3n por la desaparici\u00f3n de\u00a0Loan\u00a0Danilo Pe\u00f1a, la provincia de Corrientes tendr\u00e1 un nuevo ministro de Seguridad.\u00a0Alfredo\u00a0Vallejos, hasta ahora diputado [&hellip;]<\/p>\n","protected":false},"author":2,"featured_media":8143,"comment_status":"open","ping_status":"open","sticky":false,"template":"","format":"standard","meta":{"footnotes":""},"categories":[20],"tags":[],"_links":{"self":[{"href":"https:\/\/enlamira.info\/index.php\/wp-json\/wp\/v2\/posts\/8141"}],"collection":[{"href":"https:\/\/enlamira.info\/index.php\/wp-json\/wp\/v2\/posts"}],"about":[{"href":"https:\/\/enlamira.info\/index.php\/wp-json\/wp\/v2\/types\/post"}],"author":[{"embeddable":true,"href":"https:\/\/enlamira.info\/index.php\/wp-json\/wp\/v2\/users\/2"}],"replies":[{"embeddable":true,"href":"https:\/\/enlamira.info\/index.php\/wp-json\/wp\/v2\/comments?post=8141"}],"version-history":[{"count":1,"href":"https:\/\/enlamira.info\/index.php\/wp-json\/wp\/v2\/posts\/8141\/revisions"}],"predecessor-version":[{"id":8142,"href":"https:\/\/enlamira.info\/index.php\/wp-json\/wp\/v2\/posts\/8141\/revisions\/8142"}],"wp:featuredmedia":[{"embeddable":true,"href":"https:\/\/enlamira.info\/index.php\/wp-json\/wp\/v2\/media\/8143"}],"wp:attachment":[{"href":"https:\/\/enlamira.info\/index.php\/wp-json\/wp\/v2\/media?parent=8141"}],"wp:term":[{"taxonomy":"category","embeddable":true,"href":"https:\/\/enlamira.info\/index.php\/wp-json\/wp\/v2\/categories?post=8141"},{"taxonomy":"post_tag","embeddable":true,"href":"https:\/\/enlamira.info\/index.php\/wp-json\/wp\/v2\/tags?post=8141"}],"curies":[{"name":"wp","href":"https:\/\/api.w.org\/{rel}","templated":true}]}}