{"id":8110,"date":"2024-07-13T15:15:55","date_gmt":"2024-07-13T18:15:55","guid":{"rendered":"https:\/\/enlamira.info\/?p=8110"},"modified":"2024-07-13T15:24:42","modified_gmt":"2024-07-13T18:24:42","slug":"la-disputa-entre-milei-y-kicillof-por-la-inversion-energetica-de-30-000-millones-de-dolares","status":"publish","type":"post","link":"https:\/\/enlamira.info\/index.php\/2024\/07\/13\/la-disputa-entre-milei-y-kicillof-por-la-inversion-energetica-de-30-000-millones-de-dolares\/","title":{"rendered":"La disputa entre Milei y Kicillof por la inversi\u00f3n energ\u00e9tica de 30.000 millones de d\u00f3lares"},"content":{"rendered":"\n<p>Se trata de la construcci\u00f3n de una planta de licuefacci\u00f3n de gas, en asociaci\u00f3n con YPF. Podr\u00eda ser la mayor en infraestructura del pa\u00eds en los pr\u00f3ximos a\u00f1os.<\/p>\n\n\n\n<p>La disputa por una inversi\u00f3n multimillonaria de\u00a0Petronas\u00a0en Argentina gener\u00f3 un fuerte enfrentamiento entre\u00a0Javier\u00a0Milei\u00a0y Axel\u00a0Kicillof.<\/p>\n\n\n\n<p>La inversi\u00f3n de\u00a030.000 millones de d\u00f3lares\u00a0para construir una planta de licuefacci\u00f3n de gas, en asociaci\u00f3n con YPF, podr\u00eda ser la mayor en infraestructura del pa\u00eds en los pr\u00f3ximos a\u00f1os.<\/p>\n\n\n\n<p>El inter\u00e9s de\u00a0Petronas\u00a0por desarrollar una planta de gas en Argentina no es nuevo. Durante el \u00faltimo mandato de\u00a0Cristina Kirchner, representantes de la empresa malaya se reunieron con el mandatario bonaerense para discutir el proyecto. Sin embargo, una d\u00e9cada despu\u00e9s, el proyecto sigue sin concretarse debido a la falta de condiciones favorables para la inversi\u00f3n.<\/p>\n\n\n\n<p>Recientemente, YPF envi\u00f3 una carta a Kicillof y al gobernador de R\u00edo Negro,\u00a0Alberto Weretilneck, solicitando su predisposici\u00f3n para avalar el proyecto con facilidades y garant\u00edas econ\u00f3micas y ambientales. La fecha l\u00edmite para responder es el lunes 15 de julio.<\/p>\n\n\n\n<p>El principal punto de la carta de\u00a0YPF\u00a0es la adhesi\u00f3n al R\u00e9gimen de Incentivo a Grandes Inversiones (RIGI), que ofrece beneficios impositivos para inversiones superiores a 200 millones de d\u00f3lares. Este proyecto, con un valor estimado de 30.000 millones de d\u00f3lares, supera con creces ese umbral.<\/p>\n\n\n\n<p>Originalmente, la planta de licuefacci\u00f3n estaba destinada a Bah\u00eda Blanca, Buenos Aires. Sin embargo, Weretilneck propuso a Punta Colorada, en R\u00edo Negro, como una opci\u00f3n viable. Esto ha puesto a Kicillof en una posici\u00f3n dif\u00edcil: adherir al RIGI significar\u00eda una rendici\u00f3n pol\u00edtica ante Milei, pero negarse podr\u00eda costarle a Buenos Aires la mayor inversi\u00f3n externa prevista para los pr\u00f3ximos seis a\u00f1os.<\/p>\n\n\n\n<h3 class=\"wp-block-heading\">Factores adicionales<\/h3>\n\n\n\n<p>La posibilidad de perder la inversi\u00f3n a manos de R\u00edo Negro, que ya ha avanzado r\u00e1pidamente para adherir al RIGI, pone en juego la viabilidad econ\u00f3mica de Buenos Aires y el futuro pol\u00edtico del Gobernador de la Provincia de Buenos Aires.<\/p>\n\n\n\n<p>Weretilneck, por su parte, ha movido con rapidez. Envi\u00f3 un proyecto a la Legislatura de R\u00edo Negro para adherir al RIGI, que fue aprobado en tiempo r\u00e9cord. Esta iniciativa transforma a R\u00edo Negro en la primera provincia del pa\u00eds en adherir al r\u00e9gimen, aumentando sus posibilidades de ser la sede de la planta de Petronas.<\/p>\n\n\n\n<p>Bah\u00eda Blanca y Punta Colorada tienen sus propias ventajas y desventajas. El puerto bonaerense cuenta con infraestructura instalada y antecedentes, mientras que las aguas profundas de R\u00edo Negro permiten un acceso m\u00e1s cercano para los barcos, ahorrando recursos.<\/p>\n\n\n\n<p>La decisi\u00f3n final ser\u00e1 t\u00e9cnica y estar\u00e1 a cargo de una comisi\u00f3n integrada por ambas empresas, seg\u00fan Horacio Mar\u00edn, presidente de YPF. Mientras tanto, los intereses y la presi\u00f3n pol\u00edtica contin\u00faan jugando un papel crucial en esta disputa.<\/p>\n","protected":false},"excerpt":{"rendered":"<p>Se trata de la construcci\u00f3n de una planta de licuefacci\u00f3n de gas, en asociaci\u00f3n con YPF. Podr\u00eda ser la mayor en infraestructura del pa\u00eds en los pr\u00f3ximos a\u00f1os. La disputa por una inversi\u00f3n multimillonaria de\u00a0Petronas\u00a0en Argentina gener\u00f3 un fuerte enfrentamiento entre\u00a0Javier\u00a0Milei\u00a0y Axel\u00a0Kicillof. La inversi\u00f3n de\u00a030.000 millones de d\u00f3lares\u00a0para construir una planta de licuefacci\u00f3n de gas, [&hellip;]<\/p>\n","protected":false},"author":2,"featured_media":8112,"comment_status":"open","ping_status":"open","sticky":false,"template":"","format":"standard","meta":{"footnotes":""},"categories":[20],"tags":[],"_links":{"self":[{"href":"https:\/\/enlamira.info\/index.php\/wp-json\/wp\/v2\/posts\/8110"}],"collection":[{"href":"https:\/\/enlamira.info\/index.php\/wp-json\/wp\/v2\/posts"}],"about":[{"href":"https:\/\/enlamira.info\/index.php\/wp-json\/wp\/v2\/types\/post"}],"author":[{"embeddable":true,"href":"https:\/\/enlamira.info\/index.php\/wp-json\/wp\/v2\/users\/2"}],"replies":[{"embeddable":true,"href":"https:\/\/enlamira.info\/index.php\/wp-json\/wp\/v2\/comments?post=8110"}],"version-history":[{"count":1,"href":"https:\/\/enlamira.info\/index.php\/wp-json\/wp\/v2\/posts\/8110\/revisions"}],"predecessor-version":[{"id":8111,"href":"https:\/\/enlamira.info\/index.php\/wp-json\/wp\/v2\/posts\/8110\/revisions\/8111"}],"wp:featuredmedia":[{"embeddable":true,"href":"https:\/\/enlamira.info\/index.php\/wp-json\/wp\/v2\/media\/8112"}],"wp:attachment":[{"href":"https:\/\/enlamira.info\/index.php\/wp-json\/wp\/v2\/media?parent=8110"}],"wp:term":[{"taxonomy":"category","embeddable":true,"href":"https:\/\/enlamira.info\/index.php\/wp-json\/wp\/v2\/categories?post=8110"},{"taxonomy":"post_tag","embeddable":true,"href":"https:\/\/enlamira.info\/index.php\/wp-json\/wp\/v2\/tags?post=8110"}],"curies":[{"name":"wp","href":"https:\/\/api.w.org\/{rel}","templated":true}]}}