{"id":8106,"date":"2024-07-13T15:14:48","date_gmt":"2024-07-13T18:14:48","guid":{"rendered":"https:\/\/enlamira.info\/?p=8106"},"modified":"2024-07-13T15:25:29","modified_gmt":"2024-07-13T18:25:29","slug":"milei-minimizo-la-suba-del-dolar-a-1500-y-aseguro-que-la-salida-del-cepo-esta-cerca","status":"publish","type":"post","link":"https:\/\/enlamira.info\/index.php\/2024\/07\/13\/milei-minimizo-la-suba-del-dolar-a-1500-y-aseguro-que-la-salida-del-cepo-esta-cerca\/","title":{"rendered":"Milei minimiz\u00f3 la suba del d\u00f3lar a $1500 y asegur\u00f3 que \u201cla salida del cepo est\u00e1 cerca\u201d"},"content":{"rendered":"\n<p>Antes de su presentaci\u00f3n frente a empresarios en Estados Unidos, el Presidente afirm\u00f3 que la subida del d\u00f3lar no debe causar p\u00e1nico y que la salida del cepo cambiario est\u00e1 pr\u00f3xima gracias a su plan econ\u00f3mico.<\/p>\n\n\n\n<p>Antes de su presentaci\u00f3n ante un grupo de influyentes empresarios en Estados Unidos, el presidente\u00a0Javier\u00a0Milei\u00a0rest\u00f3 importancia a la reciente subida del\u00a0d\u00f3lar\u00a0a $1500\u00a0y afirm\u00f3 que la salida del cepo cambiario est\u00e1 cada vez m\u00e1s cerca.<\/p>\n\n\n\n<p>\u201cSi tom\u00e1ramos el d\u00f3lar que ten\u00eda la ex ministra de Econom\u00eda, Silvina Batakis, antes de que asumiera Sergio Massa, y lo traj\u00e9ramos a hoy, estar\u00eda en $3000. As\u00ed que en primer lugar, nada de p\u00e1nico, cero p\u00e1nico\u201d, asegur\u00f3 tajantemente el mandatario al referirse a la escalada del d\u00f3lar blue que alcanz\u00f3 un nuevo r\u00e9cord.<\/p>\n\n\n\n<p>El jefe de Estado explic\u00f3 que existe \u201cuna anomal\u00eda porque el d\u00f3lar est\u00e1 subiendo y nosotros estamos comprando d\u00f3lares\u201d. A\u00f1adi\u00f3 que \u201cen general ocurre lo contrario\u201d, adelantando que se realizar\u00e1 \u201cuna nueva actualizaci\u00f3n de la pol\u00edtica monetaria\u201d.<\/p>\n\n\n\n<p>Sobre la primera fase de su programa econ\u00f3mico,\u00a0Milei\u00a0destac\u00f3 que se centr\u00f3 en lograr un d\u00e9ficit cero: \u201cCerramos junio con super\u00e1vit financiero. De hecho, estamos acumulando tanto efectivo que en la cuenta corriente del Banco Central tenemos 17 billones de pesos\u201d.<\/p>\n\n\n\n<p>\u201cTenemos asegurados el pago de los intereses de julio y estamos muy holgados financieramente. La siguiente etapa es la emisi\u00f3n cero\u201d, proyect\u00f3 el presidente.<\/p>\n\n\n\n<p>Al detallar los pr\u00f3ximos pasos del plan econ\u00f3mico,\u00a0Milei\u00a0subray\u00f3 que \u201cde aqu\u00ed en adelante la base monetaria en Argentina no crecer\u00e1 m\u00e1s, y es una noticia tremendamente contundente\u201d.<\/p>\n\n\n\n<p>\u201cCerramos el grifo de la emisi\u00f3n para la compra de d\u00f3lares. Por regulaciones del mercado cambiario en el MULC (Mercado \u00danico y Libre de Cambios) tenemos que comprar, compramos d\u00f3lares, inyectamos pesos y lo que vamos a hacer es esterilizar esos pesos colocando d\u00f3lares en el mercado, asegur\u00e1ndonos de que la cantidad de dinero quede constante\u201d, explic\u00f3.<\/p>\n\n\n\n<p>\u201cTodos los pesos que emitimos para comprar d\u00f3lares en el MULC, una parte de esos d\u00f3lares, los vamos a usar para retirar los pesos emitidos, lo que acelerar\u00e1 el proceso de desinflaci\u00f3n. La ca\u00edda de la tasa de inflaci\u00f3n ser\u00e1 mucho m\u00e1s pronunciada, y eso hace que la salida del cepo est\u00e9 cada vez m\u00e1s cerca\u201d, concluy\u00f3&nbsp;<strong>Milei<\/strong>.<\/p>\n\n\n\n<p>A partir de las 12.35, el Presidente disertar\u00e1 durante 25 minutos en la conferencia Annual Sun Valley, organizada por el banco de inversi\u00f3n Allen &amp; Company, a la que asisten poderosos CEOs y due\u00f1os de grandes compa\u00f1\u00edas.<\/p>\n","protected":false},"excerpt":{"rendered":"<p>Antes de su presentaci\u00f3n frente a empresarios en Estados Unidos, el Presidente afirm\u00f3 que la subida del d\u00f3lar no debe causar p\u00e1nico y que la salida del cepo cambiario est\u00e1 pr\u00f3xima gracias a su plan econ\u00f3mico. Antes de su presentaci\u00f3n ante un grupo de influyentes empresarios en Estados Unidos, el presidente\u00a0Javier\u00a0Milei\u00a0rest\u00f3 importancia a la reciente [&hellip;]<\/p>\n","protected":false},"author":2,"featured_media":8108,"comment_status":"open","ping_status":"open","sticky":false,"template":"","format":"standard","meta":{"footnotes":""},"categories":[20],"tags":[],"_links":{"self":[{"href":"https:\/\/enlamira.info\/index.php\/wp-json\/wp\/v2\/posts\/8106"}],"collection":[{"href":"https:\/\/enlamira.info\/index.php\/wp-json\/wp\/v2\/posts"}],"about":[{"href":"https:\/\/enlamira.info\/index.php\/wp-json\/wp\/v2\/types\/post"}],"author":[{"embeddable":true,"href":"https:\/\/enlamira.info\/index.php\/wp-json\/wp\/v2\/users\/2"}],"replies":[{"embeddable":true,"href":"https:\/\/enlamira.info\/index.php\/wp-json\/wp\/v2\/comments?post=8106"}],"version-history":[{"count":1,"href":"https:\/\/enlamira.info\/index.php\/wp-json\/wp\/v2\/posts\/8106\/revisions"}],"predecessor-version":[{"id":8107,"href":"https:\/\/enlamira.info\/index.php\/wp-json\/wp\/v2\/posts\/8106\/revisions\/8107"}],"wp:featuredmedia":[{"embeddable":true,"href":"https:\/\/enlamira.info\/index.php\/wp-json\/wp\/v2\/media\/8108"}],"wp:attachment":[{"href":"https:\/\/enlamira.info\/index.php\/wp-json\/wp\/v2\/media?parent=8106"}],"wp:term":[{"taxonomy":"category","embeddable":true,"href":"https:\/\/enlamira.info\/index.php\/wp-json\/wp\/v2\/categories?post=8106"},{"taxonomy":"post_tag","embeddable":true,"href":"https:\/\/enlamira.info\/index.php\/wp-json\/wp\/v2\/tags?post=8106"}],"curies":[{"name":"wp","href":"https:\/\/api.w.org\/{rel}","templated":true}]}}