{"id":8103,"date":"2024-07-13T15:13:50","date_gmt":"2024-07-13T18:13:50","guid":{"rendered":"https:\/\/enlamira.info\/?p=8103"},"modified":"2024-07-13T15:26:10","modified_gmt":"2024-07-13T18:26:10","slug":"el-gobierno-freno-el-reclamo-de-la-ciudad-por-coparticipacion-no-hay-recursos-para-todo","status":"publish","type":"post","link":"https:\/\/enlamira.info\/index.php\/2024\/07\/13\/el-gobierno-freno-el-reclamo-de-la-ciudad-por-coparticipacion-no-hay-recursos-para-todo\/","title":{"rendered":"El Gobierno fren\u00f3 el reclamo de la Ciudad por coparticipaci\u00f3n: \u201cNo hay recursos para todo\u201d"},"content":{"rendered":"\n<p>Guillermo Francos adelant\u00f3 que la postura del Ejecutivo es negociar una cifra menor a la dispuesta por la Corte Suprema. \u2018Hay que hacer algunas cuentas\u2019, se\u00f1al\u00f3 el jefe de Gabinete.<\/p>\n\n\n\n<p>En la previa de la reuni\u00f3n programada para el 19 de julio entre el ministro de Econom\u00eda,\u00a0Luis Caputo, y el jefe de Gobierno porte\u00f1o,\u00a0Jorge\u00a0Macri, el Gobierno nacional estableci\u00f3 l\u00edmites al reclamo de la Ciudad de Buenos Aires por los fondos de\u00a0coparticipaci\u00f3n, anticipando que buscar\u00e1 negociar una cifra inferior a la determinada por la Corte Suprema.<\/p>\n\n\n\n<p>El jefe de Gabinete,\u00a0Guillermo Francos, fue claro al respecto este s\u00e1bado. \u201cHay que hacer algunas cuentas. Est\u00e1 claro que se le quitaron estos fondos a CABA y se los dieron a la Provincia de Buenos Aires. Pero hay que hacer n\u00fameros porque, cuando pas\u00f3 eso, la Ciudad impuso una tasa sobre operaciones financieras. Ese tema est\u00e1 tambi\u00e9n judicializado. Habr\u00e1 que hacer un acuerdo y acordar el pago de la diferencia\u201d, explic\u00f3 Francos.<\/p>\n\n\n\n<p>En di\u00e1logo con Radio Mitre, el jefe de los ministros asegur\u00f3 que \u201cla voluntad del Gobierno es cumplir\u201d. A\u00f1adi\u00f3 que existe \u201cla intenci\u00f3n de llegar a un entendimiento y acordar una forma de pago\u201d con la administraci\u00f3n de Jorge Macri, en medio de las crecientes tensiones pol\u00edticas con el PRO y espec\u00edficamente con su fundador, el expresidente Mauricio Macri.<\/p>\n\n\n\n<p>Sin embargo, Francos se mostr\u00f3 cr\u00edtico con la postura del jefe de Gobierno porte\u00f1o. \u201c\u00bfCu\u00e1ntos a\u00f1os lleva el Gobierno de la Ciudad con este tema? Todos pretenden que se solucione ya. No hay recursos para todo\u201d, remarc\u00f3.<\/p>\n\n\n\n<p>Durante la semana, la Casa Rosada mostr\u00f3 dos posturas respecto al pago de los fondos que reclama CABA. Un sector propone no pagar la deuda y compensar la baja de recaudaci\u00f3n de la Ciudad con Ingresos Brutos. \u201cNo les vamos a pagar lo que dice la Corte. La deuda ya la cobraron con lo que recaudaron a trav\u00e9s de ese impuesto\u201d, expres\u00f3 a TN un dirigente cercano al presidente Javier Milei.<\/p>\n\n\n\n<p>Otra vertiente m\u00e1s dialoguista del Gobierno busca llegar a un acuerdo con Jorge Macri para habilitar parte del pago y evitar mayores conflictos con el PRO. Sin embargo, el ala m\u00e1s purista del Gobierno se opone a ceder en el pago de la deuda, aunque esto tense a\u00fan m\u00e1s las relaciones parlamentarias con el PRO, que acompa\u00f1\u00f3 la Ley Bases y el paquete fiscal con 37 diputados y 6 senadores.<\/p>\n\n\n\n<p>Cerca de Macri aseguran que no van a colaborar con La Libertad Avanza hasta que se resuelva el pago de la coparticipaci\u00f3n y descartan fusionarse con el oficialismo en un interbloque a corto plazo.<\/p>\n\n\n\n<p>Las tensiones entre Milei y Macri tambi\u00e9n se han incrementado en torno al Pacto de Mayo, llevado a cabo en Tucum\u00e1n el 8 de julio. El expresidente no confirm\u00f3 su asistencia hasta el \u00faltimo momento, evaluando incluso la posibilidad de no viajar.<\/p>\n","protected":false},"excerpt":{"rendered":"<p>Guillermo Francos adelant\u00f3 que la postura del Ejecutivo es negociar una cifra menor a la dispuesta por la Corte Suprema. \u2018Hay que hacer algunas cuentas\u2019, se\u00f1al\u00f3 el jefe de Gabinete. En la previa de la reuni\u00f3n programada para el 19 de julio entre el ministro de Econom\u00eda,\u00a0Luis Caputo, y el jefe de Gobierno porte\u00f1o,\u00a0Jorge\u00a0Macri, el [&hellip;]<\/p>\n","protected":false},"author":2,"featured_media":8105,"comment_status":"open","ping_status":"open","sticky":false,"template":"","format":"standard","meta":{"footnotes":""},"categories":[20],"tags":[],"_links":{"self":[{"href":"https:\/\/enlamira.info\/index.php\/wp-json\/wp\/v2\/posts\/8103"}],"collection":[{"href":"https:\/\/enlamira.info\/index.php\/wp-json\/wp\/v2\/posts"}],"about":[{"href":"https:\/\/enlamira.info\/index.php\/wp-json\/wp\/v2\/types\/post"}],"author":[{"embeddable":true,"href":"https:\/\/enlamira.info\/index.php\/wp-json\/wp\/v2\/users\/2"}],"replies":[{"embeddable":true,"href":"https:\/\/enlamira.info\/index.php\/wp-json\/wp\/v2\/comments?post=8103"}],"version-history":[{"count":1,"href":"https:\/\/enlamira.info\/index.php\/wp-json\/wp\/v2\/posts\/8103\/revisions"}],"predecessor-version":[{"id":8104,"href":"https:\/\/enlamira.info\/index.php\/wp-json\/wp\/v2\/posts\/8103\/revisions\/8104"}],"wp:featuredmedia":[{"embeddable":true,"href":"https:\/\/enlamira.info\/index.php\/wp-json\/wp\/v2\/media\/8105"}],"wp:attachment":[{"href":"https:\/\/enlamira.info\/index.php\/wp-json\/wp\/v2\/media?parent=8103"}],"wp:term":[{"taxonomy":"category","embeddable":true,"href":"https:\/\/enlamira.info\/index.php\/wp-json\/wp\/v2\/categories?post=8103"},{"taxonomy":"post_tag","embeddable":true,"href":"https:\/\/enlamira.info\/index.php\/wp-json\/wp\/v2\/tags?post=8103"}],"curies":[{"name":"wp","href":"https:\/\/api.w.org\/{rel}","templated":true}]}}