{"id":8099,"date":"2024-07-13T15:12:55","date_gmt":"2024-07-13T18:12:55","guid":{"rendered":"https:\/\/enlamira.info\/?p=8099"},"modified":"2024-07-13T15:27:01","modified_gmt":"2024-07-13T18:27:01","slug":"la-justicia-le-exigio-a-capital-humano-que-garantice-alimentos-en-comedores-pero-respaldo-sus-politicas","status":"publish","type":"post","link":"https:\/\/enlamira.info\/index.php\/2024\/07\/13\/la-justicia-le-exigio-a-capital-humano-que-garantice-alimentos-en-comedores-pero-respaldo-sus-politicas\/","title":{"rendered":"La Justicia le exigi\u00f3 a Capital Humano que garantice alimentos en comedores pero respald\u00f3 sus pol\u00edticas"},"content":{"rendered":"\n<p>El juez Walter Lara Correa fall\u00f3 a favor de un amparo colectivo para asegurar el suministro de alimentos en comedores populares. Sin embargo, el documento tambi\u00e9n valida las pol\u00edticas actuales del Ministerio de Capital Humano, lo que desata una nueva pol\u00e9mica entre el Gobierno y las organizaciones sociales.<\/p>\n\n\n\n<p>A solo horas del inicio de la feria judicial, el juez en lo Contencioso Administrativo Federal,\u00a0Walter Lara\u00a0Correa, tom\u00f3 una decisi\u00f3n clave sobre la gesti\u00f3n de\u00a0comedores\u00a0populares en Argentina.<\/p>\n\n\n\n<p>En su fallo, el\u00a0registrado\u00a0hizo lugar a un amparo colectivo presentado por la organizaci\u00f3n social UTEP, cofundada por el dirigente Juan Grabois, y el Centro de Estudios Legales y Sociales (CELS). La resoluci\u00f3n ordena al Estado Nacional garantizar el derecho a la alimentaci\u00f3n en los comedores y merenderos comunitarios, pero al mismo tiempo valida las pol\u00edticas del Ministerio de Capital Humano dirigidas por el Gobierno actual.<\/p>\n\n\n\n<p>En su resoluci\u00f3n,\u00a0Lara Correa\u00a0estableci\u00f3 que el Ministerio de Capital Humano debe continuar con los programas y planes alimentarios vigentes sin interrupciones. \u201cHacer lugar a la medida cautelar requerida por la Defensora P\u00fablica Oficial y, en consecuencia, disp\u00f3ngase que el Estado Nacional\u2013Ministerio de Capital Humano no innove respecto de los planes y programas enunciados en los considerandos, los cuales deber\u00e1n ser cumplidos de manera cabal, estricta y sin dilaci\u00f3n o interrupci\u00f3n alguna\u201d, dict\u00f3 el magistrado.<\/p>\n\n\n\n<p>A pesar de esta orden, el fallo reconoce la potestad del Poder Ejecutivo Nacional para revisar, auditar y reestructurar los programas existentes, as\u00ed como para crear nuevos planes complementarios que mejoren la situaci\u00f3n de los comedores y merenderos.<\/p>\n\n\n\n<h3 class=\"wp-block-heading\">El Gobierno celebra, mientras Grabois lo critica<\/h3>\n\n\n\n<p>Desde el Gobierno, se interpret\u00f3 el fallo como una validaci\u00f3n de las medidas implementadas por el Ministerio de Capital Humano. Seg\u00fan fuentes oficiales, \u201clos argumentos por los cuales el juez hizo lugar a la medida podr\u00edan ser utilizados para rechazarla\u201d. El Gobierno destac\u00f3 que la resoluci\u00f3n no impide la revisi\u00f3n y auditor\u00eda de los programas vigentes, ni la posibilidad de ajustar o crear nuevas iniciativas seg\u00fan las necesidades.<\/p>\n\n\n\n<p>Por otro lado,&nbsp;<strong>Juan Grabois<\/strong>, uno de los principales impulsores del amparo, interpret\u00f3 el fallo como un \u201cfreno al plan de miseria planificada\u201d por parte del Gobierno.<\/p>\n\n\n\n<p>En una declaraci\u00f3n, el dirigente afirm\u00f3 que el fallo es una victoria para los comedores comunitarios y asegur\u00f3 que la justicia ha ordenado \u201cla inmediata restituci\u00f3n de la provisi\u00f3n de alimentos\u201d a las organizaciones que los gestionan. \u201cLa soluci\u00f3n cautelar alcanzada protege el inter\u00e9s p\u00fablico de las personas que asisten a los comedores y\/o merenderos\u201d, enfatiz\u00f3.<\/p>\n\n\n\n<p>El fallo judicial tambi\u00e9n respalda las actuales medidas del Ministerio de Capital Humano, que incluyen acuerdos con el Programa de Naciones Unidas para el Desarrollo (PNUD) para la compra de alimentos y la colaboraci\u00f3n de las Fuerzas Armadas en la distribuci\u00f3n de estos suministros. En este contexto, se inform\u00f3 que \u201cse est\u00e1 realizando la distribuci\u00f3n de los alimentos pr\u00f3ximos a su fecha de vencimiento\u201d y que \u201clos alimentos restantes ser\u00e1n distribuidos a las escuelas vulnerables de todo el pa\u00eds\u201d.<\/p>\n","protected":false},"excerpt":{"rendered":"<p>El juez Walter Lara Correa fall\u00f3 a favor de un amparo colectivo para asegurar el suministro de alimentos en comedores populares. Sin embargo, el documento tambi\u00e9n valida las pol\u00edticas actuales del Ministerio de Capital Humano, lo que desata una nueva pol\u00e9mica entre el Gobierno y las organizaciones sociales. A solo horas del inicio de la [&hellip;]<\/p>\n","protected":false},"author":2,"featured_media":8102,"comment_status":"open","ping_status":"open","sticky":false,"template":"","format":"standard","meta":{"footnotes":""},"categories":[20],"tags":[],"_links":{"self":[{"href":"https:\/\/enlamira.info\/index.php\/wp-json\/wp\/v2\/posts\/8099"}],"collection":[{"href":"https:\/\/enlamira.info\/index.php\/wp-json\/wp\/v2\/posts"}],"about":[{"href":"https:\/\/enlamira.info\/index.php\/wp-json\/wp\/v2\/types\/post"}],"author":[{"embeddable":true,"href":"https:\/\/enlamira.info\/index.php\/wp-json\/wp\/v2\/users\/2"}],"replies":[{"embeddable":true,"href":"https:\/\/enlamira.info\/index.php\/wp-json\/wp\/v2\/comments?post=8099"}],"version-history":[{"count":1,"href":"https:\/\/enlamira.info\/index.php\/wp-json\/wp\/v2\/posts\/8099\/revisions"}],"predecessor-version":[{"id":8100,"href":"https:\/\/enlamira.info\/index.php\/wp-json\/wp\/v2\/posts\/8099\/revisions\/8100"}],"wp:featuredmedia":[{"embeddable":true,"href":"https:\/\/enlamira.info\/index.php\/wp-json\/wp\/v2\/media\/8102"}],"wp:attachment":[{"href":"https:\/\/enlamira.info\/index.php\/wp-json\/wp\/v2\/media?parent=8099"}],"wp:term":[{"taxonomy":"category","embeddable":true,"href":"https:\/\/enlamira.info\/index.php\/wp-json\/wp\/v2\/categories?post=8099"},{"taxonomy":"post_tag","embeddable":true,"href":"https:\/\/enlamira.info\/index.php\/wp-json\/wp\/v2\/tags?post=8099"}],"curies":[{"name":"wp","href":"https:\/\/api.w.org\/{rel}","templated":true}]}}