{"id":8064,"date":"2024-07-12T18:17:45","date_gmt":"2024-07-12T21:17:45","guid":{"rendered":"https:\/\/enlamira.info\/?p=8064"},"modified":"2024-07-13T15:00:08","modified_gmt":"2024-07-13T18:00:08","slug":"repercusiones-de-la-desaparicion-de-loan-renuncio-el-ministro-de-seguridad-de-corrientes","status":"publish","type":"post","link":"https:\/\/enlamira.info\/index.php\/2024\/07\/12\/repercusiones-de-la-desaparicion-de-loan-renuncio-el-ministro-de-seguridad-de-corrientes\/","title":{"rendered":"Repercusiones de la desaparici\u00f3n de Loan: renunci\u00f3 el ministro de Seguridad de Corrientes"},"content":{"rendered":"\n<p>En medio de la b\u00fasqueda del peque\u00f1o de cinco a\u00f1os que destap\u00f3 los contactos entre el poder pol\u00edtico local y los imputados, el titular de la cartera local ser\u00e1 reemplazado por el diputado nacional Alfredo Vallejos.<\/p>\n\n\n\n<p>Mientras se esperan resultados satisfactorios en la b\u00fasqueda de\u00a0Loan Danilo Pe\u00f1a, el menor de cinco a\u00f1os que desapareci\u00f3 hace 29 d\u00edas en la localidad de\u00a09 de Julio.\u00a0El gobierno de la provincia de\u00a0Corrientes\u00a0sufre una profunda crisis pol\u00edtica, que deriv\u00f3 en la renuncia del ministro de Seguridad,\u00a0Buenaventura Duarte.<\/p>\n\n\n\n<p>La salida del funcionario se da, luego de detectarse conexiones estrechas entre algunos de los imputados y dirigentes provinciales. Adem\u00e1s el abogado de la madre del peque\u00f1o desparecido desde el 13 de junio,\u00a0Fernando Burlando, devel\u00f3 que planea denunciar al gobierno correntino en los tribunales de\u00a0Comodoro Py\u00a0por encubrimiento.<\/p>\n\n\n\n<p>Seg\u00fan indicaron fuentes del gobierno provincial el ahora ex funcionario present\u00f3 su renuncia y por lo tanto asumir\u00e1 en su reemplazo el diputado nacional\u00a0Alfredo Vallejos, a quien el gobernador de esa provincia,\u00a0Gustavo Vald\u00e9s, le tomar\u00e1 juramento en las pr\u00f3ximas horas.<\/p>\n\n\n\n<p>Es que el gobierno nacional apunt\u00f3 fuerte contra las autoridades locales, a pesar de ser aliados pol\u00edticos, de hecho Vald\u00e9s estuvo reunido en\u00a0Casa Rosada\u00a0con el jefe de Gabinete,\u00a0Guillermo Francos\u00a0en la tarde del jueves, para establecer lineamientos en medio del escarnio p\u00fablico por el caso.<\/p>\n\n\n\n<p>Adem\u00e1s, la ministra de Seguridad de la Naci\u00f3n,\u00a0Patricia Bullrich, recibi\u00f3 a\u00a0Jos\u00e9 Pe\u00f1a,\u00a0padre del nene desaparecido en su despacho de la Capital Federal, en la previa de una masiva marcha que se llev\u00f3 a cabo en el\u00a0Obelisco\u00a0pidiendo por el regreso de Loan vivo.<\/p>\n\n\n\n<p>Las sospechas de\u00a0la familia del nene desaparecido\u00a0y de su abogado, se inclinan por una red de trata de personas que tiene contactos pol\u00edticos, policiales y judiciales en la provincia de Corrientes y que Loan se encuentra ya fuera de la Argentina.<\/p>\n","protected":false},"excerpt":{"rendered":"<p>En medio de la b\u00fasqueda del peque\u00f1o de cinco a\u00f1os que destap\u00f3 los contactos entre el poder pol\u00edtico local y los imputados, el titular de la cartera local ser\u00e1 reemplazado por el diputado nacional Alfredo Vallejos. Mientras se esperan resultados satisfactorios en la b\u00fasqueda de\u00a0Loan Danilo Pe\u00f1a, el menor de cinco a\u00f1os que desapareci\u00f3 hace [&hellip;]<\/p>\n","protected":false},"author":2,"featured_media":8066,"comment_status":"open","ping_status":"open","sticky":false,"template":"","format":"standard","meta":{"footnotes":""},"categories":[20],"tags":[],"_links":{"self":[{"href":"https:\/\/enlamira.info\/index.php\/wp-json\/wp\/v2\/posts\/8064"}],"collection":[{"href":"https:\/\/enlamira.info\/index.php\/wp-json\/wp\/v2\/posts"}],"about":[{"href":"https:\/\/enlamira.info\/index.php\/wp-json\/wp\/v2\/types\/post"}],"author":[{"embeddable":true,"href":"https:\/\/enlamira.info\/index.php\/wp-json\/wp\/v2\/users\/2"}],"replies":[{"embeddable":true,"href":"https:\/\/enlamira.info\/index.php\/wp-json\/wp\/v2\/comments?post=8064"}],"version-history":[{"count":1,"href":"https:\/\/enlamira.info\/index.php\/wp-json\/wp\/v2\/posts\/8064\/revisions"}],"predecessor-version":[{"id":8065,"href":"https:\/\/enlamira.info\/index.php\/wp-json\/wp\/v2\/posts\/8064\/revisions\/8065"}],"wp:featuredmedia":[{"embeddable":true,"href":"https:\/\/enlamira.info\/index.php\/wp-json\/wp\/v2\/media\/8066"}],"wp:attachment":[{"href":"https:\/\/enlamira.info\/index.php\/wp-json\/wp\/v2\/media?parent=8064"}],"wp:term":[{"taxonomy":"category","embeddable":true,"href":"https:\/\/enlamira.info\/index.php\/wp-json\/wp\/v2\/categories?post=8064"},{"taxonomy":"post_tag","embeddable":true,"href":"https:\/\/enlamira.info\/index.php\/wp-json\/wp\/v2\/tags?post=8064"}],"curies":[{"name":"wp","href":"https:\/\/api.w.org\/{rel}","templated":true}]}}