{"id":805,"date":"2024-03-11T11:57:51","date_gmt":"2024-03-11T14:57:51","guid":{"rendered":"https:\/\/enlamira.info\/?p=805"},"modified":"2024-03-11T21:25:00","modified_gmt":"2024-03-12T00:25:00","slug":"el-mensaje-del-fideo-di-maria-en-medio-de-la-ola-de-violencia-en-rosario","status":"publish","type":"post","link":"https:\/\/enlamira.info\/index.php\/2024\/03\/11\/el-mensaje-del-fideo-di-maria-en-medio-de-la-ola-de-violencia-en-rosario\/","title":{"rendered":"El mensaje del \u201cFideo\u201d Di Mar\u00eda en medio de la ola de violencia en Rosario"},"content":{"rendered":"\n<p>El jugador de la Selecci\u00f3n Argentina realiz\u00f3 un comunicado por medio de sus redes sociales para pedir paz en su ciudad natal<\/p>\n\n\n\n<p>Rosario se encuentra en uno de sus peores momentos en lo que a seguridad se refiere.\u00a0Tras cuatro asesinatos por parte de los sicarios, decidieron tomar medidas de fuerza y seguridad para ponerle fin a la violencia que nace desde los grupos narcos.<\/p>\n\n\n\n<p>En este contexto, quien pidi\u00f3 paz ante terrible situaci\u00f3n fue\u00a0\u00c1ngel Di Mar\u00eda, jugador rosarino referente de la\u00a0Selecci\u00f3n Argentina, que actualmente milita en las filas del\u00a0Benfica de Portugal. El jugador utiliz\u00f3 sus redes sociales como medio de descargo, donde public\u00f3\u00a0en su cuenta de Instagram una historia en la que se puede ver\u00a0al Monumento de la Bandera rodeado por un list\u00f3n negro\u00a0y lo acompa\u00f1\u00f3 con un emoji de dos manos juntas pidiendo por favor.\u00a0\u201cPedimos paz\u201d.<\/p>\n\n\n\n<figure class=\"wp-block-image size-large\"><img loading=\"lazy\" decoding=\"async\" width=\"604\" height=\"1024\" src=\"https:\/\/enlamira.info\/wp-content\/uploads\/2024\/03\/image-9-604x1024.png\" alt=\"\" class=\"wp-image-807\" srcset=\"https:\/\/enlamira.info\/wp-content\/uploads\/2024\/03\/image-9-604x1024.png 604w, https:\/\/enlamira.info\/wp-content\/uploads\/2024\/03\/image-9-177x300.png 177w, https:\/\/enlamira.info\/wp-content\/uploads\/2024\/03\/image-9-768x1301.png 768w, https:\/\/enlamira.info\/wp-content\/uploads\/2024\/03\/image-9-907x1536.png 907w, https:\/\/enlamira.info\/wp-content\/uploads\/2024\/03\/image-9.png 1023w\" sizes=\"(max-width: 604px) 100vw, 604px\" \/><\/figure>\n\n\n\n<p>Cabe destacar, que los hinchas de la ciudad siguen aguardando por el regreso del \u201cFideo\u201d, quien hace muy poco tiempo declar\u00f3: \u201cEn mi cabeza siempre estuvo. Como estuvo volver al Benfica, est\u00e1 volver a Central. Lo dije much\u00edsimo. No me gusta mucho hablar del tema porque despu\u00e9s empiezan con que siempre hablo y nunca termina pasando, pero el f\u00fatbol es as\u00ed. Te va llevando. Siempre dije que quer\u00eda volver cuando todav\u00eda me sienta bien, y creo que estoy en plenitud todav\u00eda\u201d.\u00a0<\/p>\n\n\n\n<p>\u201cMi contrato ac\u00e1 se termina a mediados de 2024 y es obvio que est\u00e1 esa opci\u00f3n. Tengo muy buena relaci\u00f3n con Gonzalo (Belloso, presidente de Rosario Central). Hablo bastante con \u00e9l. \u00c9l sabe que tengo esa intenci\u00f3n. S\u00e9 que las puertas est\u00e1n abiertas y cuando se tenga que dar, se dar\u00e1. Ahora, estoy feliz ac\u00e1. Quer\u00eda venir un a\u00f1o para disfrutar de Lisboa otra vez\u201d, cerr\u00f3 Di Mar\u00eda sobre el tema, aunque todo puede cambiar si la situaci\u00f3n en Rosario sigue as\u00ed.<\/p>\n","protected":false},"excerpt":{"rendered":"<p>El jugador de la Selecci\u00f3n Argentina realiz\u00f3 un comunicado por medio de sus redes sociales para pedir paz en su ciudad natal Rosario se encuentra en uno de sus peores momentos en lo que a seguridad se refiere.\u00a0Tras cuatro asesinatos por parte de los sicarios, decidieron tomar medidas de fuerza y seguridad para ponerle fin [&hellip;]<\/p>\n","protected":false},"author":2,"featured_media":810,"comment_status":"open","ping_status":"open","sticky":false,"template":"","format":"standard","meta":{"footnotes":""},"categories":[14],"tags":[],"_links":{"self":[{"href":"https:\/\/enlamira.info\/index.php\/wp-json\/wp\/v2\/posts\/805"}],"collection":[{"href":"https:\/\/enlamira.info\/index.php\/wp-json\/wp\/v2\/posts"}],"about":[{"href":"https:\/\/enlamira.info\/index.php\/wp-json\/wp\/v2\/types\/post"}],"author":[{"embeddable":true,"href":"https:\/\/enlamira.info\/index.php\/wp-json\/wp\/v2\/users\/2"}],"replies":[{"embeddable":true,"href":"https:\/\/enlamira.info\/index.php\/wp-json\/wp\/v2\/comments?post=805"}],"version-history":[{"count":2,"href":"https:\/\/enlamira.info\/index.php\/wp-json\/wp\/v2\/posts\/805\/revisions"}],"predecessor-version":[{"id":811,"href":"https:\/\/enlamira.info\/index.php\/wp-json\/wp\/v2\/posts\/805\/revisions\/811"}],"wp:featuredmedia":[{"embeddable":true,"href":"https:\/\/enlamira.info\/index.php\/wp-json\/wp\/v2\/media\/810"}],"wp:attachment":[{"href":"https:\/\/enlamira.info\/index.php\/wp-json\/wp\/v2\/media?parent=805"}],"wp:term":[{"taxonomy":"category","embeddable":true,"href":"https:\/\/enlamira.info\/index.php\/wp-json\/wp\/v2\/categories?post=805"},{"taxonomy":"post_tag","embeddable":true,"href":"https:\/\/enlamira.info\/index.php\/wp-json\/wp\/v2\/tags?post=805"}],"curies":[{"name":"wp","href":"https:\/\/api.w.org\/{rel}","templated":true}]}}