{"id":8039,"date":"2024-07-12T13:19:42","date_gmt":"2024-07-12T16:19:42","guid":{"rendered":"https:\/\/enlamira.info\/?p=8039"},"modified":"2024-07-12T13:19:42","modified_gmt":"2024-07-12T16:19:42","slug":"villarruel-vs-ex-diputados-libertarios","status":"publish","type":"post","link":"https:\/\/enlamira.info\/index.php\/2024\/07\/12\/villarruel-vs-ex-diputados-libertarios\/","title":{"rendered":"VILLARRUEL VS. EX DIPUTADOS LIBERTARIOS"},"content":{"rendered":"\n<p><a href=\"https:\/\/www.instagram.com\/centroinformativoberazategui\" target=\"_blank\" rel=\"noreferrer noopener\"><\/a><a href=\"https:\/\/api.whatsapp.com\/send?text=VILLARRUEL%20VS.%20EX%20DIPUTADOS%20LIBERTARIOS%20https%3A%2F%2Fcentroinformativoberazategui.com.ar%2Fvillarruel-vs-ex-diputados-libertarios%2F\" target=\"_blank\" rel=\"noreferrer noopener\"><\/a><a href=\"https:\/\/www.facebook.com\/sharer\/sharer.php?u=https%3A%2F%2Fcentroinformativoberazategui.com.ar%2Fvillarruel-vs-ex-diputados-libertarios%2F\" target=\"_blank\" rel=\"noreferrer noopener\"><\/a><a href=\"http:\/\/twitter.com\/intent\/tweet?text=VILLARRUEL%20VS.%20EX%20DIPUTADOS%20LIBERTARIOS&amp;url=https%3A%2F%2Fcentroinformativoberazategui.com.ar%2Fvillarruel-vs-ex-diputados-libertarios%2F\" target=\"_blank\" rel=\"noreferrer noopener\"><\/a><\/p>\n\n\n\n<p>El descargo de los diputados libertarios escrachados por&nbsp;<strong>Victoria Villarruel<\/strong>: \u00abEl Gobierno y el kirchnerismo no tienen mucho de diferente\u00bb. Los legisladores de la provincia (<strong>Luayza<\/strong>&nbsp;y&nbsp;<strong>Romano<\/strong>&nbsp;son berazateguenses) votaron y permitieron la aprobaci\u00f3n de un proyecto redactado por el oficialismo de Axel Kicillof. Fueron acusados de traici\u00f3n por la vicepresidente.<\/p>\n\n\n\n<p>Otro estallido interno explot\u00f3 en&nbsp;lo que fue La Libertad Avanza&nbsp;(LLA):&nbsp;<a rel=\"noreferrer noopener\" href=\"https:\/\/www.ambito.com\/politica\/victoria-villarruel-apunto-contra-diputados-lla-que-acompanaron-un-proyecto-axel-kicillof-devuelvan-sus-bancas-n6030418\" target=\"_blank\">la vicepresident<\/a><a rel=\"noreferrer noopener\" href=\"https:\/\/www.ambito.com\/politica\/victoria-villarruel-apunto-contra-diputados-lla-que-acompanaron-un-proyecto-axel-kicillof-devuelvan-sus-bancas-n6030418\" target=\"_blank\">e<\/a>&nbsp;<strong>Victoria Villarruel<\/strong>&nbsp;acus\u00f3 a&nbsp;diputados&nbsp;de la&nbsp;provincia&nbsp;de \u00abbeneficiar al gobernador&nbsp;en un tongo m\u00e1s\u00bb luego de la aprobaci\u00f3n para crear la&nbsp;Empresa Bonaerense de Emergencias en Salud.<\/p>\n\n\n\n<p>Los legisladores bonaerenses, quienes tomaron distancia del gobierno nacional, justificaron su postura coincidente con la del oficialismo de la provincia y apuntaron contra el Poder Ejecutivo: \u00abNos sentimos defraudados porque prometieron que \u00edbamos por una manera distinta de hacer pol\u00edtica y la verdad que&nbsp;no hacen ni m\u00e1s ni menos que lo que hac\u00eda el kirchnerismo\u00bb.<\/p>\n\n\n\n<p>El comunicado fue firmado por&nbsp;<strong>Gustavo Cuervo<\/strong>,<strong>&nbsp;Fabi\u00e1n Luayza<\/strong>,<strong>&nbsp;Viviana Romano,&nbsp;Constanza Moragues Santos<\/strong>,<strong>&nbsp;Mart\u00edn Rozas<\/strong>,<strong>&nbsp;Salom\u00e9 Jalil Toledo<\/strong>,&nbsp;<strong>Blanca Alessi<\/strong>,<strong>&nbsp;Sabrina Sabat&nbsp;<\/strong>y&nbsp;<strong>Mar\u00eda Laura Fern\u00e1ndez<\/strong>, los diputados implicados que ingresaron a la C\u00e1mara de Diputados de la provincia bajo el frente de La Libertad Avanza (LLA). Se\u00f1alaron:<\/p>\n\n\n\n<blockquote class=\"wp-block-quote\">\n<p>\u00abNo est\u00e1 bien apretar gente, no est\u00e1 bien tratar de poner en una situaci\u00f3n de fusilamiento medi\u00e1tico&nbsp;a quienes manifiestan alguna discrepancia con alguna cuesti\u00f3n de fondo o de forma que surge del gobierno nacional (\u2026) el gobierno nacional y el kirchnerismo no tienen mucho de diferente, se manejan de la misma forma y con el mismo nivel de resentimiento y de odio\u00bb.<\/p>\n<\/blockquote>\n\n\n\n<h4 class=\"wp-block-heading\">Los diputados bonaerenses contra el Gobierno<\/h4>\n\n\n\n<p>Agregaron los legisladores:<\/p>\n\n\n\n<blockquote class=\"wp-block-quote\">\n<p>\u00abLa hipocres\u00eda es tan grande que cuando el Gobierno nacional se dispone a dialogar en procura de consensos es un acto de responsabilidad republicana, pero&nbsp;cuando lo hace un gobierno que no responde a sus intereses es fraude&nbsp;y quienes votan su proyecto son unos sinverg\u00fcenzas\u00bb<\/p>\n<\/blockquote>\n\n\n\n<p>Los dirigentes de la provincia remarcaron su independencia para votar en oposici\u00f3n a la l\u00ednea oficialista:<\/p>\n\n\n\n<blockquote class=\"wp-block-quote\">\n<p>\u00ab\u00bfTambi\u00e9n cree que todos los que votaron la Ley Bases y,&nbsp;que son de otros espacios pol\u00edticos, tienen que devolver las bancas? Jam\u00e1s se nos ocurrir\u00eda pedirle que devuelva el cargo para el que fue electa\u00bb.<\/p>\n<\/blockquote>\n\n\n\n<h4 class=\"wp-block-heading\">La cr\u00edtica de Villarruel a los diputados bonaerenses<\/h4>\n\n\n\n<p>Villarruel dio a conocer el voto de los diputados libertarios y acus\u00f3 traici\u00f3n dentro de su espacio:<\/p>\n\n\n\n<blockquote class=\"wp-block-quote\">\n<p>\u00ab\u00bfC\u00f3mo&nbsp;9 diputados provinciales que ingresaron por La Libertad Avanza&nbsp;(LLA) votaron para&nbsp;beneficiar al gobernador Kicillof en un tongo m\u00e1s? \u00bfC\u00f3mo pudieron traicionar as\u00ed a los argentinos que los&nbsp;votaron eligiendo al presidente (Javier) Milei&nbsp;y que&nbsp;delegaron en ellos la oposici\u00f3n a Kicillof? Siento&nbsp;verg\u00fcenza e indignaci\u00f3n\u00bb.<strong>Villarruel<\/strong>, en sus redes<\/p>\n<\/blockquote>\n\n\n\n<h4 class=\"wp-block-heading\">De qu\u00e9 trata el proyecto<\/h4>\n\n\n\n<p>El proyecto del oficialismo bonaerense se propone&nbsp;agrupar los servicios de ambulancias que operan bajo el sistema SAME junto con los de los municipios.&nbsp;Si la iniciativa avanza, el&nbsp;51% del capital de la empresa&nbsp;quedar\u00eda en manos de la administraci\u00f3n de la provincia. El SAME est\u00e1 en&nbsp;109 de los 135 municipios y se conforma con un esquema mixto entre la provincia y las comunas.<\/p>\n\n\n\n<p>Tras la media sanci\u00f3n, con el apoyo de nueve diputados de&nbsp;LLA, pas\u00f3 a la&nbsp;C\u00e1mara alta.<\/p>\n","protected":false},"excerpt":{"rendered":"<p>El descargo de los diputados libertarios escrachados por&nbsp;Victoria Villarruel: \u00abEl Gobierno y el kirchnerismo no tienen mucho de diferente\u00bb. Los legisladores de la provincia (Luayza&nbsp;y&nbsp;Romano&nbsp;son berazateguenses) votaron y permitieron la aprobaci\u00f3n de un proyecto redactado por el oficialismo de Axel Kicillof. Fueron acusados de traici\u00f3n por la vicepresidente. Otro estallido interno explot\u00f3 en&nbsp;lo que fue [&hellip;]<\/p>\n","protected":false},"author":2,"featured_media":8040,"comment_status":"open","ping_status":"open","sticky":false,"template":"","format":"standard","meta":{"footnotes":""},"categories":[20,5],"tags":[],"_links":{"self":[{"href":"https:\/\/enlamira.info\/index.php\/wp-json\/wp\/v2\/posts\/8039"}],"collection":[{"href":"https:\/\/enlamira.info\/index.php\/wp-json\/wp\/v2\/posts"}],"about":[{"href":"https:\/\/enlamira.info\/index.php\/wp-json\/wp\/v2\/types\/post"}],"author":[{"embeddable":true,"href":"https:\/\/enlamira.info\/index.php\/wp-json\/wp\/v2\/users\/2"}],"replies":[{"embeddable":true,"href":"https:\/\/enlamira.info\/index.php\/wp-json\/wp\/v2\/comments?post=8039"}],"version-history":[{"count":1,"href":"https:\/\/enlamira.info\/index.php\/wp-json\/wp\/v2\/posts\/8039\/revisions"}],"predecessor-version":[{"id":8041,"href":"https:\/\/enlamira.info\/index.php\/wp-json\/wp\/v2\/posts\/8039\/revisions\/8041"}],"wp:featuredmedia":[{"embeddable":true,"href":"https:\/\/enlamira.info\/index.php\/wp-json\/wp\/v2\/media\/8040"}],"wp:attachment":[{"href":"https:\/\/enlamira.info\/index.php\/wp-json\/wp\/v2\/media?parent=8039"}],"wp:term":[{"taxonomy":"category","embeddable":true,"href":"https:\/\/enlamira.info\/index.php\/wp-json\/wp\/v2\/categories?post=8039"},{"taxonomy":"post_tag","embeddable":true,"href":"https:\/\/enlamira.info\/index.php\/wp-json\/wp\/v2\/tags?post=8039"}],"curies":[{"name":"wp","href":"https:\/\/api.w.org\/{rel}","templated":true}]}}