{"id":8023,"date":"2024-07-11T18:29:56","date_gmt":"2024-07-11T21:29:56","guid":{"rendered":"https:\/\/enlamira.info\/?p=8023"},"modified":"2024-07-11T18:40:19","modified_gmt":"2024-07-11T21:40:19","slug":"milei-vuelve-a-salir-del-pais-viaja-a-los-estados-unidos-a-una-cumbre-de-multimillonarios","status":"publish","type":"post","link":"https:\/\/enlamira.info\/index.php\/2024\/07\/11\/milei-vuelve-a-salir-del-pais-viaja-a-los-estados-unidos-a-una-cumbre-de-multimillonarios\/","title":{"rendered":"Milei vuelve a salir del pa\u00eds: viaja a los Estados Unidos a una cumbre de multimillonarios"},"content":{"rendered":"\n<p>En su viaje n\u00famero 11 en seis meses como presidente, el libertario participar\u00e1 del campamento de Sun Valley en Idaho, en donde se re\u00fanen los hombres m\u00e1s ricos del mundo.<\/p>\n\n\n\n<p>Apenas llegado del sur de\u00a0Brasil, a donde viaj\u00f3 para reunirse con el ex mandatario\u00a0Jair Bolsonaro, en un encuentro de la derecha latinoamericana. El presidente\u00a0Javier Milei, volver\u00e1 a salir del pa\u00eds, est\u00e1 vez ir\u00e1 a los\u00a0Estados Unidos\u00a0(EE.UU).<\/p>\n\n\n\n<p>El libertario participar\u00e1 del campamento de\u00a0Sun Valley,\u00a0en el estado de\u00a0Idaho, en donde se re\u00fanen los principales multimillonarios a debatir sobre apoyos pol\u00edticos, sobre todo en un a\u00f1o complejo para el pa\u00eds del norte que enfrenta elecciones en noviembre y una crisis de l\u00edderes partidarios importante.<\/p>\n\n\n\n<p>Este ser\u00e1\u00a0el viaje n\u00famero 11 para Milei, en apenas seis meses de gobierno. De los cuales solo uno form\u00f3 parte de la agenda oficial, cuando estuvo en el sur de\u00a0Italia\u00a0en la Cumbre del\u00a0G7, invitado por la primera ministra de ese pa\u00eds europeo,\u00a0Giorgia Meloni.<\/p>\n\n\n\n<p>Casualmente su visita a los EE.UU,\u00a0coincide con la final de la Copa Am\u00e9rica, que ser\u00e1 el pr\u00f3ximo domingo en territorio norteamericano y de la cual tiene muchas posibilidades el seleccionado argentino de futbol de lograr obtener un nuevo triunfo.<\/p>\n\n\n\n<p>Seg\u00fan confirmaron desde Presidencia,\u00a0el libertario\u00a0partir\u00e1 en la noche de este viernes y permanecer\u00e1 hasta el pr\u00f3ximo lunes en el pa\u00eds gobernado por\u00a0Joe Biden, en donde pretende reunirse con algunos de los l\u00edderes de las empresas estadounidenses m\u00e1s importantes, que participan del encuentro en donde debaten sobre negocios y geopol\u00edtica.<\/p>\n","protected":false},"excerpt":{"rendered":"<p>En su viaje n\u00famero 11 en seis meses como presidente, el libertario participar\u00e1 del campamento de Sun Valley en Idaho, en donde se re\u00fanen los hombres m\u00e1s ricos del mundo. Apenas llegado del sur de\u00a0Brasil, a donde viaj\u00f3 para reunirse con el ex mandatario\u00a0Jair Bolsonaro, en un encuentro de la derecha latinoamericana. El presidente\u00a0Javier Milei, [&hellip;]<\/p>\n","protected":false},"author":2,"featured_media":8025,"comment_status":"open","ping_status":"open","sticky":false,"template":"","format":"standard","meta":{"footnotes":""},"categories":[20],"tags":[],"_links":{"self":[{"href":"https:\/\/enlamira.info\/index.php\/wp-json\/wp\/v2\/posts\/8023"}],"collection":[{"href":"https:\/\/enlamira.info\/index.php\/wp-json\/wp\/v2\/posts"}],"about":[{"href":"https:\/\/enlamira.info\/index.php\/wp-json\/wp\/v2\/types\/post"}],"author":[{"embeddable":true,"href":"https:\/\/enlamira.info\/index.php\/wp-json\/wp\/v2\/users\/2"}],"replies":[{"embeddable":true,"href":"https:\/\/enlamira.info\/index.php\/wp-json\/wp\/v2\/comments?post=8023"}],"version-history":[{"count":1,"href":"https:\/\/enlamira.info\/index.php\/wp-json\/wp\/v2\/posts\/8023\/revisions"}],"predecessor-version":[{"id":8024,"href":"https:\/\/enlamira.info\/index.php\/wp-json\/wp\/v2\/posts\/8023\/revisions\/8024"}],"wp:featuredmedia":[{"embeddable":true,"href":"https:\/\/enlamira.info\/index.php\/wp-json\/wp\/v2\/media\/8025"}],"wp:attachment":[{"href":"https:\/\/enlamira.info\/index.php\/wp-json\/wp\/v2\/media?parent=8023"}],"wp:term":[{"taxonomy":"category","embeddable":true,"href":"https:\/\/enlamira.info\/index.php\/wp-json\/wp\/v2\/categories?post=8023"},{"taxonomy":"post_tag","embeddable":true,"href":"https:\/\/enlamira.info\/index.php\/wp-json\/wp\/v2\/tags?post=8023"}],"curies":[{"name":"wp","href":"https:\/\/api.w.org\/{rel}","templated":true}]}}