{"id":8019,"date":"2024-07-11T18:29:00","date_gmt":"2024-07-11T21:29:00","guid":{"rendered":"https:\/\/enlamira.info\/?p=8019"},"modified":"2024-07-11T18:41:05","modified_gmt":"2024-07-11T21:41:05","slug":"el-fmi-cruzo-a-milei-tras-sus-criticas-al-encargado-de-la-negociacion-con-argentina","status":"publish","type":"post","link":"https:\/\/enlamira.info\/index.php\/2024\/07\/11\/el-fmi-cruzo-a-milei-tras-sus-criticas-al-encargado-de-la-negociacion-con-argentina\/","title":{"rendered":"El FMI cruz\u00f3 a Milei tras sus cr\u00edticas al encargado de la negociaci\u00f3n con Argentina"},"content":{"rendered":"\n<p>La vocera del organismo respald\u00f3 el trabajo de Rodrigo Valdez, cuestion\u00f3 la alteraci\u00f3n de los mercados que produjo la gesti\u00f3n del Gobierno nacional y descart\u00f3 un nuevo acuerdo.<\/p>\n\n\n\n<p>Con un mensaje m\u00e1s que contundente, desde el\u00a0Fondo Monetario Internacional\u00a0(FMI) le marcaron la cancha\u00a0al presidente\u00a0Javier Milei,\u00a0que hab\u00eda criticado el accionar del encargado de las negociaciones del organismo con la Argentina, el chileno\u00a0Rodrigo Vald\u00e9s.<\/p>\n\n\n\n<p>Fue la vocera del Fondo,\u00a0Julie Kozack, quien expres\u00f3: \u201cLa directora gerente conf\u00eda plenamente en Rodrigo Vald\u00e9s y en todo su equipo.\u00a0Nuestro compromiso con las autoridades argentinas se mantiene activo y constructivo\u201d.<\/p>\n\n\n\n<p>Con ese escueto y conciso mensaje la funcionaria del ente crediticio internacional, respald\u00f3 al director del\u00a0Departamento para el Hemisferio Occidental\u00a0durante la gesti\u00f3n de\u00a0Alberto Fern\u00e1ndez\u00a0como presidente y se refiri\u00f3 a la b\u00fasqueda de consensos para aprobar la\u00a0Ley Bases\u00a0y el paquete fiscal, as\u00ed como a la firma del\u00a0Pacto de Mayo.<\/p>\n\n\n\n<p>\u201cActualmente nos mantenemos en el marco del\u00a0Acuerdo de Facilidades Extendidas. Como ya hemos mencionado, nuestro compromiso es frecuente y constructivo. El staff empezar\u00e1 las discusiones sobre un nuevo acuerdo, como con cualquier miembro del Fondo, una vez que las autoridades lo hayan pedido. En este momento no hay ninguna discusi\u00f3n programada\u201d, se\u00f1al\u00f3 Kozack.<\/p>\n\n\n\n<p>En referencia al malestar en los mercados, desde el organismo que conduce&nbsp;<strong>Kristalina Georgieva<\/strong>, se\u00f1alaron que la suba del d\u00f3lar paralelo y la ampliaci\u00f3n de la brecha cambiaria, perjudican el avance del pa\u00eds.<\/p>\n\n\n\n<p>\u201cEs inevitable, pero\u00a0la clave es que las autoridades vean la volatilidad y se mantengan \u00e1giles, de modo que las pol\u00edticas evolucionen para atacar los desequilibrios macroecon\u00f3micos\u00a0de base que existen. Esto es precisamente lo que las autoridades argentinas est\u00e1n haciendo\u201d, concluy\u00f3 la portavoz del FMI.<\/p>\n","protected":false},"excerpt":{"rendered":"<p>La vocera del organismo respald\u00f3 el trabajo de Rodrigo Valdez, cuestion\u00f3 la alteraci\u00f3n de los mercados que produjo la gesti\u00f3n del Gobierno nacional y descart\u00f3 un nuevo acuerdo. Con un mensaje m\u00e1s que contundente, desde el\u00a0Fondo Monetario Internacional\u00a0(FMI) le marcaron la cancha\u00a0al presidente\u00a0Javier Milei,\u00a0que hab\u00eda criticado el accionar del encargado de las negociaciones del organismo [&hellip;]<\/p>\n","protected":false},"author":2,"featured_media":8022,"comment_status":"open","ping_status":"open","sticky":false,"template":"","format":"standard","meta":{"footnotes":""},"categories":[22],"tags":[],"_links":{"self":[{"href":"https:\/\/enlamira.info\/index.php\/wp-json\/wp\/v2\/posts\/8019"}],"collection":[{"href":"https:\/\/enlamira.info\/index.php\/wp-json\/wp\/v2\/posts"}],"about":[{"href":"https:\/\/enlamira.info\/index.php\/wp-json\/wp\/v2\/types\/post"}],"author":[{"embeddable":true,"href":"https:\/\/enlamira.info\/index.php\/wp-json\/wp\/v2\/users\/2"}],"replies":[{"embeddable":true,"href":"https:\/\/enlamira.info\/index.php\/wp-json\/wp\/v2\/comments?post=8019"}],"version-history":[{"count":1,"href":"https:\/\/enlamira.info\/index.php\/wp-json\/wp\/v2\/posts\/8019\/revisions"}],"predecessor-version":[{"id":8020,"href":"https:\/\/enlamira.info\/index.php\/wp-json\/wp\/v2\/posts\/8019\/revisions\/8020"}],"wp:featuredmedia":[{"embeddable":true,"href":"https:\/\/enlamira.info\/index.php\/wp-json\/wp\/v2\/media\/8022"}],"wp:attachment":[{"href":"https:\/\/enlamira.info\/index.php\/wp-json\/wp\/v2\/media?parent=8019"}],"wp:term":[{"taxonomy":"category","embeddable":true,"href":"https:\/\/enlamira.info\/index.php\/wp-json\/wp\/v2\/categories?post=8019"},{"taxonomy":"post_tag","embeddable":true,"href":"https:\/\/enlamira.info\/index.php\/wp-json\/wp\/v2\/tags?post=8019"}],"curies":[{"name":"wp","href":"https:\/\/api.w.org\/{rel}","templated":true}]}}